{"id":638826,"date":"2026-01-03T18:35:14","date_gmt":"2026-01-03T18:35:14","guid":{"rendered":"https:\/\/www.europesays.com\/fr\/638826\/"},"modified":"2026-01-03T18:35:14","modified_gmt":"2026-01-03T18:35:14","slug":"une-surprise-dans-le-premier-onze-aligne-par-claude-puel-ce-samedi-face-a-strasbourg","status":"publish","type":"post","link":"https:\/\/www.europesays.com\/fr\/638826\/","title":{"rendered":"une surprise dans le premier onze align\u00e9 par Claude Puel ce samedi face \u00e0 Strasbourg"},"content":{"rendered":"<p class=\"fs-5 \">Si Claude Puel a choisi de maintenir le 4-3-3, le sch\u00e9ma utilis\u00e9 lors des trois derniers matchs par son pr\u00e9d\u00e9cesseur\u00a0Franck Haise, c\u2019est dans le choix des hommes qu\u2019il a innov\u00e9.<\/p>\n<p class=\"fs-5 \">Un nom en particulier peut surprendre\u00a0: celui d\u2019Everton Pereira,\u00a018 ans. Le fils d\u2019Everson, plusieurs pr\u00e9sences sur les feuilles de match mais aucune apparition en pro, est align\u00e9 d\u2019entr\u00e9e au milieu de terrain aux c\u00f4t\u00e9s de Tanguy Ndombele et Morgan Sanson, promu capitaine.<\/p>\n<p class=\"fs-5 \">Devant, Tiago Gouveia a \u00e9t\u00e9 choisi pour animer l\u2019attaque avec les titulaires habituels Mohamed-Ali Cho et Sofiane Diop.<\/p>\n<p class=\"fs-5 \">Pour rappel, Elye Wahi, arriv\u00e9 en milieu de semaine, est sur le banc. Claude Puel doit composer avec 16 absents pour cette rencontre contre le 7e de L1.<\/p>\n<p class=\"fs-5 \">Nice, de son c\u00f4t\u00e9, est 13e et toujours sur une s\u00e9rie de 6 d\u00e9faites cons\u00e9cutives en championnat.<\/p>\n<p class=\"fs-5 \"><strong>Le onze\u00a0<\/strong>: Dup\u00e9 &#8211; Clauss, Bah, Oppong, Bard &#8211; Ndombele, Everton, Sanson (c) &#8211; Gouveia, Cho, Diop<\/p>\n","protected":false},"excerpt":{"rendered":"Si Claude Puel a choisi de maintenir le 4-3-3, le sch\u00e9ma utilis\u00e9 lors des trois derniers matchs par&hellip;\n","protected":false},"author":2,"featured_media":638827,"comment_status":"","ping_status":"","sticky":false,"template":"","format":"standard","meta":{"footnotes":""},"categories":[2819],"tags":[1111,11,1777,674,1011,27,12,2401,54521,882,25],"class_list":{"0":"post-638826","1":"post","2":"type-post","3":"status-publish","4":"format-standard","5":"has-post-thumbnail","7":"category-nice","8":"tag-actu","9":"tag-actualites","10":"tag-eu","11":"tag-europe","12":"tag-fr","13":"tag-france","14":"tag-news","15":"tag-nice","16":"tag-ogcnice","17":"tag-provence-alpes-cote-dazur","18":"tag-republique-francaise"},"share_on_mastodon":{"url":"https:\/\/pubeurope.com\/@fr\/115832614007197425","error":""},"_links":{"self":[{"href":"https:\/\/www.europesays.com\/fr\/wp-json\/wp\/v2\/posts\/638826","targetHints":{"allow":["GET"]}}],"collection":[{"href":"https:\/\/www.europesays.com\/fr\/wp-json\/wp\/v2\/posts"}],"about":[{"href":"https:\/\/www.europesays.com\/fr\/wp-json\/wp\/v2\/types\/post"}],"author":[{"embeddable":true,"href":"https:\/\/www.europesays.com\/fr\/wp-json\/wp\/v2\/users\/2"}],"replies":[{"embeddable":true,"href":"https:\/\/www.europesays.com\/fr\/wp-json\/wp\/v2\/comments?post=638826"}],"version-history":[{"count":0,"href":"https:\/\/www.europesays.com\/fr\/wp-json\/wp\/v2\/posts\/638826\/revisions"}],"wp:featuredmedia":[{"embeddable":true,"href":"https:\/\/www.europesays.com\/fr\/wp-json\/wp\/v2\/media\/638827"}],"wp:attachment":[{"href":"https:\/\/www.europesays.com\/fr\/wp-json\/wp\/v2\/media?parent=638826"}],"wp:term":[{"taxonomy":"category","embeddable":true,"href":"https:\/\/www.europesays.com\/fr\/wp-json\/wp\/v2\/categories?post=638826"},{"taxonomy":"post_tag","embeddable":true,"href":"https:\/\/www.europesays.com\/fr\/wp-json\/wp\/v2\/tags?post=638826"}],"curies":[{"name":"wp","href":"https:\/\/api.w.org\/{rel}","templated":true}]}}