{"id":638828,"date":"2026-01-03T18:36:35","date_gmt":"2026-01-03T18:36:35","guid":{"rendered":"https:\/\/www.europesays.com\/fr\/638828\/"},"modified":"2026-01-03T18:36:35","modified_gmt":"2026-01-03T18:36:35","slug":"deux-hommes-en-scooter-arretes","status":"publish","type":"post","link":"https:\/\/www.europesays.com\/fr\/638828\/","title":{"rendered":"deux hommes en scooter arr\u00eat\u00e9s"},"content":{"rendered":"<p>                    Par<br \/>\n        <strong><br \/>\n            <a href=\"https:\/\/actu.fr\/auteur\/laure-gentil\" title=\"Consulter tous les articles de Laure Gentil\" target=\"_blank\" rel=\"noopener\">Laure Gentil<\/a><br \/>\n                    <\/strong><\/p>\n<p>        Publi\u00e9 le<\/p>\n<p>            2 janv. 2026 \u00e0 13h52        <\/p>\n<p>Il s\u2019agit du premier \u00e9pisode de tirs de l\u2019ann\u00e9e 2026 au quartier Malakoff \u00e0 Nantes. Des coups de feu ont \u00e0 nouveau retenti, <b>jeudi 1er\u00a0janvier \u00e0 21\u2009h\u200949<\/b>. Deux personnes ont \u00e9t\u00e9 interpell\u00e9es. La sc\u00e8ne survient deux jours apr\u00e8s <a href=\"https:\/\/actu.fr\/pays-de-la-loire\/nantes_44109\/coups-de-feu-a-nantes-deux-hommes-blesses-par-balle-pres-dun-point-de-deal_63638092.html\" target=\"_blank\" rel=\"noopener\">un \u00e9pisode de tirs qui a fait deux bless\u00e9s, toujours au m\u00eame endroit\u2009<\/a>: rue d\u2019Angleterre, un <b>point de deal <\/b>connu de la cit\u00e9 des Ducs de Bretagne.<\/p>\n<p>Deux scooters<\/p>\n<p class=\" wall-content\">Selon une source polici\u00e8re, le passager d\u2019un scooter a \u00e9t\u00e9 signal\u00e9 pour avoir tir\u00e9 avec une arme de poing, en direction du hall de l\u2019immeuble n\u00b0\u00a021. Arriv\u00e9s sur place, les forces de l\u2019ordre aper\u00e7oivent deux scooters mais ne peuvent en pourchasser qu\u2019un seul. Le conducteur et le passager tentent finalement de s\u2019enfuir \u00e0 pied et de se d\u00e9barrasser de leurs casques. Ils ont \u00e9t\u00e9 interpell\u00e9s et plac\u00e9s en garde \u00e0 vue mais <b>aucun d\u2019eux ne correspond au signalement fait du tireur.<\/b><\/p>\n<p class=\" wall-content\">En tout,<b> cinq impacts de balle <\/b>ont \u00e9t\u00e9 retrouv\u00e9s sur la porte vitr\u00e9e du hall de l\u2019immeuble et cinq douilles.<\/p>\n<p class=\" wall-content\">Les deux mis en cause sont <b>\u00e2g\u00e9s de 17 et 18\u00a0ans<\/b>. Le scooter qu\u2019ils ont utilis\u00e9 a \u00e9t\u00e9 d\u00e9clar\u00e9 vol\u00e9 en novembre dernier.<\/p>\n<p class=\" wall-content\">Personnalisez votre actualit\u00e9 en ajoutant vos villes et m\u00e9dias en favori avec <a href=\"https:\/\/moncompte.actu.fr\" title=\"D\u00e9couvez Mon Actu\" rel=\"nofollow noopener\" data-trk=\"{&quot;cta&quot;:{&quot;action&quot;:&quot;https:\\\/\\\/moncompte.actu.fr&quot;,&quot;category&quot;:&quot;mon compte&quot;,&quot;from&quot;:&quot;article footer&quot;,&quot;name&quot;:&quot;Mon actu&quot;,&quot;type&quot;:&quot;cta&quot;}}\" target=\"_blank\">Mon Actu<\/a>.<\/p>\n","protected":false},"excerpt":{"rendered":"Par Laure Gentil Publi\u00e9 le 2 janv. 2026 \u00e0 13h52 Il s\u2019agit du premier \u00e9pisode de tirs de&hellip;\n","protected":false},"author":2,"featured_media":638829,"comment_status":"","ping_status":"","sticky":false,"template":"","format":"standard","meta":{"footnotes":""},"categories":[2818],"tags":[1111,11,1052,1777,674,118,1011,27,766,12,2636,1072,25,7501],"class_list":{"0":"post-638828","1":"post","2":"type-post","3":"status-publish","4":"format-standard","5":"has-post-thumbnail","7":"category-nantes","8":"tag-actu","9":"tag-actualites","10":"tag-drogue","11":"tag-eu","12":"tag-europe","13":"tag-faits-divers","14":"tag-fr","15":"tag-france","16":"tag-nantes","17":"tag-news","18":"tag-pays-de-la-loire","19":"tag-police","20":"tag-republique-francaise","21":"tag-violences-urbaines"},"share_on_mastodon":{"url":"https:\/\/pubeurope.com\/@fr\/115832618009131428","error":""},"_links":{"self":[{"href":"https:\/\/www.europesays.com\/fr\/wp-json\/wp\/v2\/posts\/638828","targetHints":{"allow":["GET"]}}],"collection":[{"href":"https:\/\/www.europesays.com\/fr\/wp-json\/wp\/v2\/posts"}],"about":[{"href":"https:\/\/www.europesays.com\/fr\/wp-json\/wp\/v2\/types\/post"}],"author":[{"embeddable":true,"href":"https:\/\/www.europesays.com\/fr\/wp-json\/wp\/v2\/users\/2"}],"replies":[{"embeddable":true,"href":"https:\/\/www.europesays.com\/fr\/wp-json\/wp\/v2\/comments?post=638828"}],"version-history":[{"count":0,"href":"https:\/\/www.europesays.com\/fr\/wp-json\/wp\/v2\/posts\/638828\/revisions"}],"wp:featuredmedia":[{"embeddable":true,"href":"https:\/\/www.europesays.com\/fr\/wp-json\/wp\/v2\/media\/638829"}],"wp:attachment":[{"href":"https:\/\/www.europesays.com\/fr\/wp-json\/wp\/v2\/media?parent=638828"}],"wp:term":[{"taxonomy":"category","embeddable":true,"href":"https:\/\/www.europesays.com\/fr\/wp-json\/wp\/v2\/categories?post=638828"},{"taxonomy":"post_tag","embeddable":true,"href":"https:\/\/www.europesays.com\/fr\/wp-json\/wp\/v2\/tags?post=638828"}],"curies":[{"name":"wp","href":"https:\/\/api.w.org\/{rel}","templated":true}]}}