{"id":638830,"date":"2026-01-03T18:37:11","date_gmt":"2026-01-03T18:37:11","guid":{"rendered":"https:\/\/www.europesays.com\/fr\/638830\/"},"modified":"2026-01-03T18:37:11","modified_gmt":"2026-01-03T18:37:11","slug":"fc-nantes-salaire-combien-gagne-romain-del-castillo-avec-le-stade-brestois","status":"publish","type":"post","link":"https:\/\/www.europesays.com\/fr\/638830\/","title":{"rendered":"FC Nantes, salaire. Combien gagne Romain Del Castillo avec le Stade Brestois ?"},"content":{"rendered":"<p><img fetchpriority=\"high\" decoding=\"async\" width=\"600\" height=\"400\" src=\"https:\/\/www.europesays.com\/fr\/wp-content\/uploads\/2026\/01\/Romain-Del-Castillo-football-Stade-Rennais.jpg\" alt=\"FC Nantes, salaire. Combien gagne Romain Del Castillo avec le Stade Brestois ?\" class=\"wp-image-219450\"  \/>Apr\u00e8s Rennes puis Brest, direction Nantes pour Del Castillo ?<\/p>\n<p>Romain Del Castillo figure parmi les pistes \u00e9tudi\u00e9es par le <a href=\"https:\/\/sportune.20minutes.fr\/fc-nantes\" target=\"_blank\" rel=\"noopener\">FC Nantes<\/a> pour renforcer son effectif. Selon <a href=\"https:\/\/www.lequipe.fr\/Football\/Actualites\/Mercato-nantes-pense-au-brestois-romain-del-castillo\/1630733\" target=\"_blank\" rel=\"noopener\">L\u2019\u00c9quipe<\/a>, le club nantais, qui a d\u00e9j\u00e0 officialis\u00e9 les arriv\u00e9es de R\u00e9my Cabella ce jeudi 1er janvier et Deivor Machado plus t\u00f4t dans le mois de d\u00e9cembre, s\u2019int\u00e9resse au milieu offensif du <a href=\"https:\/\/sportune.20minutes.fr\/stade-brestois-sb29\" target=\"_blank\" rel=\"noopener\">Stade Brestois<\/a>.<\/p>\n<p>Le dossier en est actuellement aux pr\u00e9mices. Une prise de temp\u00e9rature a \u00e9t\u00e9 effectu\u00e9e aupr\u00e8s de l\u2019entourage du joueur de 29 ans, qui dispose encore d\u2019un an et demi de contrat avec le club finist\u00e9rien. Brest, r\u00e9put\u00e9 pour sa fermet\u00e9 dans les n\u00e9gociations, n\u2019a pas l\u2019intention de se s\u00e9parer de son international fran\u00e7ais.<\/p>\n<p>Une op\u00e9ration qui s\u2019annonce complexe<\/p>\n<p>Romain Del Castillo a disput\u00e9 l\u2019int\u00e9gralit\u00e9 de la premi\u00e8re partie de saison avec Brest, participant notamment \u00e0 la campagne europ\u00e9enne du club en Ligue des Champions. Le gaucher s\u2019est impos\u00e9 comme un \u00e9l\u00e9ment cl\u00e9 du dispositif brestois depuis son arriv\u00e9e en 2021.<\/p>\n<p>Selon les estimations du quotidien sportif au printemps dernier, le milieu offensif percevrait un salaire mensuel brut de 65 000 euros, hors primes. Ces chiffres restent toutefois des estimations, les clubs ne communiquant g\u00e9n\u00e9ralement pas sur les r\u00e9mun\u00e9rations de leurs joueurs.<\/p>\n<p>Pour le <a href=\"https:\/\/sportune.20minutes.fr\/fc-nantes\" target=\"_blank\" rel=\"noopener\">FC Nantes<\/a>, l\u2019op\u00e9ration s\u2019annonce complexe face \u00e0 la position ferme du <a href=\"https:\/\/sportune.20minutes.fr\/stade-brestois-sb29\" target=\"_blank\" rel=\"noopener\">Stade Brestois<\/a>, qui entend conserver ses cadres dans la course au maintien et aux places europ\u00e9ennes.<\/p>\n<p>Le salaire de Romain Del Castillo avec le Stade Brestois<\/p>\n<p><strong>Annuel :<\/strong> 780 000 \u20ac<br \/><strong>Mensuel :<\/strong> 65 000 \u20ac<br \/><strong>Hebdomadaire :<\/strong> 15 000 \u20ac<br \/><strong>Quotidien :<\/strong> 2 137 \u20ac<br \/><strong>Fin de contrat :<\/strong> 2027<\/p>\n","protected":false},"excerpt":{"rendered":"Apr\u00e8s Rennes puis Brest, direction Nantes pour Del Castillo ? Romain Del Castillo figure parmi les pistes \u00e9tudi\u00e9es&hellip;\n","protected":false},"author":2,"featured_media":638831,"comment_status":"","ping_status":"","sticky":false,"template":"","format":"standard","meta":{"footnotes":""},"categories":[2818],"tags":[1111,11,1777,674,462,1011,27,766,12,2636,25,4449,969],"class_list":{"0":"post-638830","1":"post","2":"type-post","3":"status-publish","4":"format-standard","5":"has-post-thumbnail","7":"category-nantes","8":"tag-actu","9":"tag-actualites","10":"tag-eu","11":"tag-europe","12":"tag-fc-nantes","13":"tag-fr","14":"tag-france","15":"tag-nantes","16":"tag-news","17":"tag-pays-de-la-loire","18":"tag-republique-francaise","19":"tag-stade-brestois","20":"tag-transfert"},"share_on_mastodon":{"url":"https:\/\/pubeurope.com\/@fr\/115832621851155134","error":""},"_links":{"self":[{"href":"https:\/\/www.europesays.com\/fr\/wp-json\/wp\/v2\/posts\/638830","targetHints":{"allow":["GET"]}}],"collection":[{"href":"https:\/\/www.europesays.com\/fr\/wp-json\/wp\/v2\/posts"}],"about":[{"href":"https:\/\/www.europesays.com\/fr\/wp-json\/wp\/v2\/types\/post"}],"author":[{"embeddable":true,"href":"https:\/\/www.europesays.com\/fr\/wp-json\/wp\/v2\/users\/2"}],"replies":[{"embeddable":true,"href":"https:\/\/www.europesays.com\/fr\/wp-json\/wp\/v2\/comments?post=638830"}],"version-history":[{"count":0,"href":"https:\/\/www.europesays.com\/fr\/wp-json\/wp\/v2\/posts\/638830\/revisions"}],"wp:featuredmedia":[{"embeddable":true,"href":"https:\/\/www.europesays.com\/fr\/wp-json\/wp\/v2\/media\/638831"}],"wp:attachment":[{"href":"https:\/\/www.europesays.com\/fr\/wp-json\/wp\/v2\/media?parent=638830"}],"wp:term":[{"taxonomy":"category","embeddable":true,"href":"https:\/\/www.europesays.com\/fr\/wp-json\/wp\/v2\/categories?post=638830"},{"taxonomy":"post_tag","embeddable":true,"href":"https:\/\/www.europesays.com\/fr\/wp-json\/wp\/v2\/tags?post=638830"}],"curies":[{"name":"wp","href":"https:\/\/api.w.org\/{rel}","templated":true}]}}