{"id":638838,"date":"2026-01-03T18:42:10","date_gmt":"2026-01-03T18:42:10","guid":{"rendered":"https:\/\/www.europesays.com\/fr\/638838\/"},"modified":"2026-01-03T18:42:10","modified_gmt":"2026-01-03T18:42:10","slug":"avant-de-reorganiser-sa-boutique-cette-librairie-organise-un-destockage-massif","status":"publish","type":"post","link":"https:\/\/www.europesays.com\/fr\/638838\/","title":{"rendered":"avant de r\u00e9organiser sa boutique, cette librairie organise un d\u00e9stockage massif"},"content":{"rendered":"<p>                    Par<br \/>\n        <strong><br \/>\n            <a href=\"https:\/\/actu.fr\/auteur\/margot-nicodeme\" title=\"Consulter tous les articles de Margot Nicod\u00e8me\" target=\"_blank\" rel=\"noopener\">Margot Nicod\u00e8me<\/a><br \/>\n                    <\/strong><\/p>\n<p>        Publi\u00e9 le<\/p>\n<p>            3 janv. 2026 \u00e0 17h30        <\/p>\n<p>Ce sera l\u2019un des grands rendez-vous \u00e0 l\u2019occasion des soldes, dans la <a href=\"https:\/\/actu.fr\/hauts-de-france\/lille_59350\" target=\"_blank\" rel=\"noopener\">m\u00e9tropole lilloise<\/a>. Point de r\u00e9ductions \u00e9parses \u00e0 -20, -30 ou -50%, mais une <b>offre unique, et tr\u00e8s avantageuse <\/b>: 10 livres pour 5 \u20ac. Ce bon plan, c\u2019est La Bouquinerie du Sart, librairie d\u2019occasion, qui l\u2019organise, le <b>samedi 10 janvier 2026<\/b>. Il s\u2019agit d\u2019un <b>d\u00e9stockage massif <\/b>avant la r\u00e9am\u00e9nagement de la boutique de <a href=\"https:\/\/actu.fr\/hauts-de-france\/villeneuve-d-ascq_59009\" target=\"_blank\" rel=\"noopener\">Villeneuve-d\u2019Ascq<\/a> (Nord).\u00a0<\/p>\n<p>Grand d\u00e9stockage \u00e0 la Bouquinerie du Sart de Villeneuve-d\u2019Ascq samedi 10 janvier<\/p>\n<p class=\" wall-content\">Polars, romans, classiques, essais\u2026 Il y en aura pour tous les go\u00fbts. De quoi mettre toutes les chances de son c\u00f4t\u00e9 pour tenir <a href=\"https:\/\/actu.fr\/societe\/tabac-sport-travail-les-bonnes-resolutions-davantage-sources-d-angoisse-que-de-motivation_62080322.html\" target=\"_blank\" rel=\"noopener\">sa bonne r\u00e9solution<\/a> de lire plus en 2026\u2026 La Bouquinerie du Sart, qui collecte des dons de livres et de v\u00eatements toute l\u2019ann\u00e9e, doit faire de la place et \u00ab\u00a0lib\u00e9rer son \u00e9tage\u00a0\u00bb, dans le cadre d\u2019une \u00ab\u00a0transformation de ses espaces\u00a0\u00bb.<\/p>\n<p class=\" wall-content\">Ce sont tous <a href=\"https:\/\/actu.fr\/tag\/livres\" target=\"_blank\" rel=\"noopener\">les livres<\/a> qui, emport\u00e9s<b> par paquets de 10, seront ainsi vendus \u00e0 50 centimes l\u2019unit\u00e9<\/b>. L\u2019argent r\u00e9colt\u00e9 permet d&rsquo;\u00a0\u00bboffrir une nouvelle chance \u00e0 des personnes en situation pr\u00e9caire\u00a0\u00bb, comme les personnes h\u00e9berg\u00e9es en foyer que l\u2019on aide \u00e0 obtenir un contrat de travail.<\/p>\n<p>Grand d\u00e9stockage \u00e0 la Bouquinerie du Sart de Villeneuve-d\u2019Ascq (7, boulevard Albert Ier), samedi 10 janvier de 10h \u00e0 19h.<\/p>\n<p class=\" wall-content\">Personnalisez votre actualit\u00e9 en ajoutant vos villes et m\u00e9dias en favori avec <a href=\"https:\/\/moncompte.actu.fr\" title=\"D\u00e9couvez Mon Actu\" rel=\"nofollow noopener\" data-trk=\"{&quot;cta&quot;:{&quot;action&quot;:&quot;https:\\\/\\\/moncompte.actu.fr&quot;,&quot;category&quot;:&quot;mon compte&quot;,&quot;from&quot;:&quot;article footer&quot;,&quot;name&quot;:&quot;Mon actu&quot;,&quot;type&quot;:&quot;cta&quot;}}\" target=\"_blank\">Mon Actu<\/a>.<\/p>\n","protected":false},"excerpt":{"rendered":"Par Margot Nicod\u00e8me Publi\u00e9 le 3 janv. 2026 \u00e0 17h30 Ce sera l\u2019un des grands rendez-vous \u00e0 l\u2019occasion&hellip;\n","protected":false},"author":2,"featured_media":638839,"comment_status":"","ping_status":"","sticky":false,"template":"","format":"standard","meta":{"footnotes":""},"categories":[2815],"tags":[1111,11,6557,1777,674,1011,27,811,1307,1380,1652,12,25],"class_list":{"0":"post-638838","1":"post","2":"type-post","3":"status-publish","4":"format-standard","5":"has-post-thumbnail","7":"category-lille","8":"tag-actu","9":"tag-actualites","10":"tag-bon-plan-a-lille","11":"tag-eu","12":"tag-europe","13":"tag-fr","14":"tag-france","15":"tag-hauts-de-france","16":"tag-lille","17":"tag-livres","18":"tag-loisirs-culture","19":"tag-news","20":"tag-republique-francaise"},"share_on_mastodon":{"url":"https:\/\/pubeurope.com\/@fr\/115832641542476600","error":""},"_links":{"self":[{"href":"https:\/\/www.europesays.com\/fr\/wp-json\/wp\/v2\/posts\/638838","targetHints":{"allow":["GET"]}}],"collection":[{"href":"https:\/\/www.europesays.com\/fr\/wp-json\/wp\/v2\/posts"}],"about":[{"href":"https:\/\/www.europesays.com\/fr\/wp-json\/wp\/v2\/types\/post"}],"author":[{"embeddable":true,"href":"https:\/\/www.europesays.com\/fr\/wp-json\/wp\/v2\/users\/2"}],"replies":[{"embeddable":true,"href":"https:\/\/www.europesays.com\/fr\/wp-json\/wp\/v2\/comments?post=638838"}],"version-history":[{"count":0,"href":"https:\/\/www.europesays.com\/fr\/wp-json\/wp\/v2\/posts\/638838\/revisions"}],"wp:featuredmedia":[{"embeddable":true,"href":"https:\/\/www.europesays.com\/fr\/wp-json\/wp\/v2\/media\/638839"}],"wp:attachment":[{"href":"https:\/\/www.europesays.com\/fr\/wp-json\/wp\/v2\/media?parent=638838"}],"wp:term":[{"taxonomy":"category","embeddable":true,"href":"https:\/\/www.europesays.com\/fr\/wp-json\/wp\/v2\/categories?post=638838"},{"taxonomy":"post_tag","embeddable":true,"href":"https:\/\/www.europesays.com\/fr\/wp-json\/wp\/v2\/tags?post=638838"}],"curies":[{"name":"wp","href":"https:\/\/api.w.org\/{rel}","templated":true}]}}