{"id":638844,"date":"2026-01-03T18:45:17","date_gmt":"2026-01-03T18:45:17","guid":{"rendered":"https:\/\/www.europesays.com\/fr\/638844\/"},"modified":"2026-01-03T18:45:17","modified_gmt":"2026-01-03T18:45:17","slug":"a-marseille-ces-commercants-ont-cartonne-pendant-les-fetes-de-noel","status":"publish","type":"post","link":"https:\/\/www.europesays.com\/fr\/638844\/","title":{"rendered":"\u00e0 Marseille, ces commer\u00e7ants ont cartonn\u00e9 pendant les f\u00eates de No\u00ebl"},"content":{"rendered":"<p class=\"article__intro\">Le march\u00e9 aux santons de Marseille (Bouches-du-Rh\u00f4ne) a rencontr\u00e9 un nouveau succ\u00e8s lors des f\u00eates de No\u00ebl, avec +8% de recettes par rapport \u00e0 2024. Il ferme ses portes ce dimanche 4 janvier. <\/p>\n<p>\n      L\u2019actu des r\u00e9gions\n    <\/p>\n<p>\n      Chaque jour, un tour d\u2019horizon des principales infos de toutes les r\u00e9gions.\n    <\/p>\n<p>    France T\u00e9l\u00e9visions utilise votre adresse e-mail afin de vous envoyer la newsletter \u00ab\u00a0L\u2019actu des r\u00e9gions\u00a0\u00bb. Vous pouvez vous d\u00e9sinscrire \u00e0 tout moment via le lien en bas de cette newsletter. <a target=\"_blank\" href=\"https:\/\/www.francetelevisions.fr\/groupe\/confidentialite\/politique-de-confidentialite\/politique-de-confidentialite-de-france-televisions-6503\" rel=\"noopener\">Notre politique de confidentialit\u00e9<\/a><\/p>\n<p>Les f\u00eates ont beau toucher \u00e0 leur fin, l&rsquo;engouement ne faiblit pas. <\/p>\n<p>Sur le march\u00e9 des santonniers, sur le Vieux-Port de Marseille, l&rsquo;heure est au bilan : premier constat, \u00e0 quelques heures de la fermeture, il y a encore beaucoup de monde !<\/p>\n<\/p>\n<p>\u00ab\u00a0Il y a un renouveau pour le santon, les gens en ach\u00e8tent \u00e9norm\u00e9ment\u00a0\u00bb, constate un professionnel. \u00ab\u00a0Ils font beaucoup de cr\u00e8ches, c&rsquo;est un mouvement global, un retour vers ce qui est propre aux Marseillais et aux Proven\u00e7aux\u00a0\u00bb. <\/p>\n<p>222e foire aux santons, 400 000 visiteurs, +8% de recettes&#8230; Comme 2024, 2025 est d\u00e9j\u00e0 consid\u00e9r\u00e9e comme une tr\u00e8s bonne ann\u00e9e, chiffres \u00e0 l&rsquo;appui. <\/p>\n<p><a data-article-figure=\"\" href=\"https:\/\/france3-regions.franceinfo.fr\/image\/IgNnSEksZHmaBzbUrB-AUMu99bc\/1920x1080\/regions\/2026\/01\/03\/foire-aux-santons-de-marseille-00-01-41-07-6958e08d4161e318130574.jpg\" data-pswp-width=\"1920\" data-pswp-height=\"1080\" target=\"_blank\" rel=\"noopener\"><\/p>\n<p>          <img width=\"600\" height=\"400\" class=\"article-image lazy\" data-src=\"https:\/\/www.europesays.com\/fr\/wp-content\/uploads\/2026\/01\/foire-aux-santons-de-marseille-00-01-41-07-6958e08d4161e318130574.jpg\" alt=\"&quot;Il y a certainement une envie de retour aux sources&quot; : le march\u00e9 aux santons a attir\u00e9 de nombreux acheteurs durant les f\u00eates de No\u00ebl. \" fetchpriority=\"high\" as=\"image\"\/><\/p>\n<p>\n            \u00ab\u00a0Il y a certainement une envie de retour aux sources\u00a0\u00bb : le march\u00e9 aux santons a attir\u00e9 de nombreux acheteurs durant les f\u00eates de No\u00ebl.<br \/>\n                           \u2022<br \/>\n                                      \u00a9 France tv\n                      <\/p>\n<p><\/a><\/p>\n<p>Concurrentes sur le march\u00e9, mais amies dans la vie, Gis\u00e8le et Claudette ont, elles aussi, une explication. \u00ab\u00a0On nous parle de menaces de guerre, qu&rsquo;il va se passer ceci ou cela&#8230; Les gens doivent se dire qu&rsquo;on ne sait pas si c&rsquo;est le dernier No\u00ebl\u00a0\u00bb, estime l&rsquo;une. \u00ab\u00a0Il y a certainement une envie de retour aux sources\u00a0\u00bb, commente l&rsquo;autre. \u00ab\u00a0Du retour positif, dans la mesure o\u00f9 il faut que ce soit fabriqu\u00e9 en Provence\u00a0\u00bb, retrace la premi\u00e8re. <\/p>\n<p>Une petite inqui\u00e9tude surgit toutefois dans ce constat encourageant. C&rsquo;est un santonnier, du haut de ses 40 ans d&rsquo;exp\u00e9rience, qui la confie : \u00ab\u00a0Chaque ann\u00e9e, on perd peut-\u00eatre un santonnier, les vieux ne reprennent pas, \u00e7a ferme\u00a0\u00bb, dit-il. Avant d&rsquo;avouer \u00ab\u00a0craindre un peu\u00a0\u00bb pour l&rsquo;avenir de l&rsquo;activit\u00e9. <\/p>\n<p><a data-article-figure=\"\" href=\"https:\/\/france3-regions.franceinfo.fr\/image\/AzExxgSduYJm2oeqhlsotc0fXPw\/1920x1080\/regions\/2026\/01\/03\/foire-aux-santons-de-marseille-00-01-50-11-6958e0580753b463457423.jpg\" data-pswp-width=\"1920\" data-pswp-height=\"1080\" target=\"_blank\" rel=\"noopener\"><\/p>\n<p>          <img width=\"600\" height=\"400\" class=\"article-image lazy\" data-src=\"https:\/\/www.europesays.com\/fr\/wp-content\/uploads\/2026\/01\/foire-aux-santons-de-marseille-00-01-50-11-6958e0580753b463457423.jpg\" alt=\"400 000 visiteurs, +8% de recettes... Comme 2024, 2025 est d\u00e9j\u00e0 consid\u00e9r\u00e9e comme une tr\u00e8s bonne ann\u00e9e.\" fetchpriority=\"high\" as=\"image\"\/><\/p>\n<p>\n            400 000 visiteurs, +8% de recettes&#8230; Comme 2024, 2025 est d\u00e9j\u00e0 consid\u00e9r\u00e9e comme une tr\u00e8s bonne ann\u00e9e.<br \/>\n                           \u2022<br \/>\n                                      \u00a9 France tv\n                      <\/p>\n<p><\/a><\/p>\n<p>Aujourd&rsquo;hui, ils sont presque 25, l\u00e0 o\u00f9 autrefois, sur la Canebi\u00e8re, \u00ab\u00a0on \u00e9tait 48\u00a0\u00bb, se souvient-il. \u00ab\u00a0Plus on est de santonniers, plus on travaillera\u00a0\u00bb, termine-t-il. <\/p>\n<p>Pour les retardataires, il ne reste que peu de temps afin de profiter des santonniers et de leurs cr\u00e9ations : dimanche, \u00e0 19 heures, les jolies boutiques fermeront leur rideau. <\/p>\n<p>Avec Estelle Mathieu. <\/p>\n","protected":false},"excerpt":{"rendered":"Le march\u00e9 aux santons de Marseille (Bouches-du-Rh\u00f4ne) a rencontr\u00e9 un nouveau succ\u00e8s lors des f\u00eates de No\u00ebl, avec&hellip;\n","protected":false},"author":2,"featured_media":638845,"comment_status":"","ping_status":"","sticky":false,"template":"","format":"standard","meta":{"footnotes":""},"categories":[2814],"tags":[1111,11,1777,674,1011,27,884,12,882,25],"class_list":{"0":"post-638844","1":"post","2":"type-post","3":"status-publish","4":"format-standard","5":"has-post-thumbnail","7":"category-marseille","8":"tag-actu","9":"tag-actualites","10":"tag-eu","11":"tag-europe","12":"tag-fr","13":"tag-france","14":"tag-marseille","15":"tag-news","16":"tag-provence-alpes-cote-dazur","17":"tag-republique-francaise"},"share_on_mastodon":{"url":"https:\/\/pubeurope.com\/@fr\/115832653357253359","error":""},"_links":{"self":[{"href":"https:\/\/www.europesays.com\/fr\/wp-json\/wp\/v2\/posts\/638844","targetHints":{"allow":["GET"]}}],"collection":[{"href":"https:\/\/www.europesays.com\/fr\/wp-json\/wp\/v2\/posts"}],"about":[{"href":"https:\/\/www.europesays.com\/fr\/wp-json\/wp\/v2\/types\/post"}],"author":[{"embeddable":true,"href":"https:\/\/www.europesays.com\/fr\/wp-json\/wp\/v2\/users\/2"}],"replies":[{"embeddable":true,"href":"https:\/\/www.europesays.com\/fr\/wp-json\/wp\/v2\/comments?post=638844"}],"version-history":[{"count":0,"href":"https:\/\/www.europesays.com\/fr\/wp-json\/wp\/v2\/posts\/638844\/revisions"}],"wp:featuredmedia":[{"embeddable":true,"href":"https:\/\/www.europesays.com\/fr\/wp-json\/wp\/v2\/media\/638845"}],"wp:attachment":[{"href":"https:\/\/www.europesays.com\/fr\/wp-json\/wp\/v2\/media?parent=638844"}],"wp:term":[{"taxonomy":"category","embeddable":true,"href":"https:\/\/www.europesays.com\/fr\/wp-json\/wp\/v2\/categories?post=638844"},{"taxonomy":"post_tag","embeddable":true,"href":"https:\/\/www.europesays.com\/fr\/wp-json\/wp\/v2\/tags?post=638844"}],"curies":[{"name":"wp","href":"https:\/\/api.w.org\/{rel}","templated":true}]}}