{"id":638846,"date":"2026-01-03T18:46:10","date_gmt":"2026-01-03T18:46:10","guid":{"rendered":"https:\/\/www.europesays.com\/fr\/638846\/"},"modified":"2026-01-03T18:46:10","modified_gmt":"2026-01-03T18:46:10","slug":"a-lyon-lfi-et-pcf-sindignent","status":"publish","type":"post","link":"https:\/\/www.europesays.com\/fr\/638846\/","title":{"rendered":"\u00e0 Lyon, LFI et PCF s&rsquo;indignent"},"content":{"rendered":"<p itemprop=\"description\"><strong>Ce samedi, les Etats-Unis ont men\u00e9 une op\u00e9ration militaire de grande ampleur au V\u00e9n\u00e9zu\u00e9la, aboutissant \u00e0 la capture du pr\u00e9sident Nicolas Maduro.<\/strong><\/p>\n<p>Pour la France insoumise du Rh\u00f4ne, il s&rsquo;agit d&rsquo;une \u00ab\u00a0agression militaire ill\u00e9gale men\u00e9e par l&rsquo;administration de Donald Trump\u00a0\u00bb. Les co-pr\u00e9sidents locaux Monia Benaissa, adjointe \u00e0 la maire de V\u00e9nissieux, et le d\u00e9put\u00e9 <a href=\"https:\/\/www.lyonmag.com\/profil-personnalite-lyonnaise\/707\/gabriel-amard\" target=\"_blank\" rel=\"noopener\">Gabriel Amard<\/a> s&rsquo;indignent face \u00e0 ce qu&rsquo;ils consid\u00e8rent \u00eatre \u00ab\u00a0une violation grave du droit international et une menace directe pour la paix mondiale\u00a0\u00bb.<\/p>\n<p>\u00ab\u00a0La communaut\u00e9 internationale et la France en particulier ne peut se taire. Face \u00e0 cette agression, la r\u00e9sistance du peuple v\u00e9n\u00e9zu\u00e9lien est l\u00e9gitime\u00a0\u00bb, concluent les insoumis.<\/p>\n<blockquote class=\"twitter-tweet\"><p>&#13;<\/p>\n<p dir=\"ltr\" lang=\"fr\">Agression insupportable de <a href=\"https:\/\/twitter.com\/hashtag\/Trump?src=hash&amp;ref_src=twsrc%5Etfw\" target=\"_blank\" rel=\"noopener\">#Trump<\/a> contre le Venezuela.<\/p>\n<p>L\u2019imp\u00e9rialisme trumpiste viole le droit international en toute impunit\u00e9, en bombardant un pays souverain et en enlevant un chef d&rsquo;\u00e9tat.<\/p>\n<p>La France doit agir imm\u00e9diatement pour d\u00e9fendre la paix et le droit international.<\/p>\n<p>&#13;<br \/>\n\u2014 Ana\u00efs Belouassa Cherifi (@BelouassaAnais) <a href=\"https:\/\/twitter.com\/BelouassaAnais\/status\/2007403060734070909?ref_src=twsrc%5Etfw\" target=\"_blank\" rel=\"noopener\">January 3, 2026<\/a><\/p><\/blockquote>\n<p>De son c\u00f4t\u00e9, Beno\u00eet Roux, secr\u00e9taire d\u00e9partemental du PCF du Rh\u00f4ne, accuse Donald Trump de \u00ab\u00a0pillage imp\u00e9rialiste\u00a0\u00bb et de vouloir \u00ab\u00a0voler le p\u00e9trole et confisquer les ressources mini\u00e8res d\u2019une nation souveraine. C\u2019est la logique du banditisme \u00e9rig\u00e9e en politique d\u2019\u00c9tat.\u00a0\u00bb<\/p>\n<p>Le repr\u00e9sentant communiste r\u00e9clame aussi que la France et l&rsquo;Union europ\u00e9enne \u00ab\u00a0rompent leur silence complice\u00a0\u00bb.<\/p>\n<p>Un rassemblement se tenait ce samedi \u00e0 16h place Bellecour.<\/p>\n<p>\t\t  <script async src=\"https:\/\/platform.twitter.com\/widgets.js\" charset=\"utf-8\"><\/script><\/p>\n","protected":false},"excerpt":{"rendered":"Ce samedi, les Etats-Unis ont men\u00e9 une op\u00e9ration militaire de grande ampleur au V\u00e9n\u00e9zu\u00e9la, aboutissant \u00e0 la capture&hellip;\n","protected":false},"author":2,"featured_media":638847,"comment_status":"","ping_status":"","sticky":false,"template":"","format":"standard","meta":{"footnotes":""},"categories":[1889],"tags":[1111,11,2813,2190,2430,1109,251,1112,2811,1777,674,118,1011,27,1922,1110,1114,2428,2810,12,241,316,25,2812,517,800],"class_list":{"0":"post-638846","1":"post","2":"type-post","3":"status-publish","4":"format-standard","5":"has-post-thumbnail","7":"category-lyon","8":"tag-actu","9":"tag-actualites","10":"tag-article","11":"tag-asvel","12":"tag-auvergne-rhone-alpes","13":"tag-breves","14":"tag-culture","15":"tag-depeches","16":"tag-economique","17":"tag-eu","18":"tag-europe","19":"tag-faits-divers","20":"tag-fr","21":"tag-france","22":"tag-info","23":"tag-informations","24":"tag-infos","25":"tag-lyon","26":"tag-lyonmag","27":"tag-news","28":"tag-ol","29":"tag-politique","30":"tag-republique-francaise","31":"tag-sociale","32":"tag-sport","33":"tag-transports"},"share_on_mastodon":{"url":"https:\/\/pubeurope.com\/@fr\/115832657253794131","error":""},"_links":{"self":[{"href":"https:\/\/www.europesays.com\/fr\/wp-json\/wp\/v2\/posts\/638846","targetHints":{"allow":["GET"]}}],"collection":[{"href":"https:\/\/www.europesays.com\/fr\/wp-json\/wp\/v2\/posts"}],"about":[{"href":"https:\/\/www.europesays.com\/fr\/wp-json\/wp\/v2\/types\/post"}],"author":[{"embeddable":true,"href":"https:\/\/www.europesays.com\/fr\/wp-json\/wp\/v2\/users\/2"}],"replies":[{"embeddable":true,"href":"https:\/\/www.europesays.com\/fr\/wp-json\/wp\/v2\/comments?post=638846"}],"version-history":[{"count":0,"href":"https:\/\/www.europesays.com\/fr\/wp-json\/wp\/v2\/posts\/638846\/revisions"}],"wp:featuredmedia":[{"embeddable":true,"href":"https:\/\/www.europesays.com\/fr\/wp-json\/wp\/v2\/media\/638847"}],"wp:attachment":[{"href":"https:\/\/www.europesays.com\/fr\/wp-json\/wp\/v2\/media?parent=638846"}],"wp:term":[{"taxonomy":"category","embeddable":true,"href":"https:\/\/www.europesays.com\/fr\/wp-json\/wp\/v2\/categories?post=638846"},{"taxonomy":"post_tag","embeddable":true,"href":"https:\/\/www.europesays.com\/fr\/wp-json\/wp\/v2\/tags?post=638846"}],"curies":[{"name":"wp","href":"https:\/\/api.w.org\/{rel}","templated":true}]}}