{"id":638851,"date":"2026-01-03T18:50:11","date_gmt":"2026-01-03T18:50:11","guid":{"rendered":"https:\/\/www.europesays.com\/fr\/638851\/"},"modified":"2026-01-03T18:50:11","modified_gmt":"2026-01-03T18:50:11","slug":"les-reserves-des-venezueliens-de-paris-apres-les-frappes-americaines","status":"publish","type":"post","link":"https:\/\/www.europesays.com\/fr\/638851\/","title":{"rendered":"les r\u00e9serves des V\u00e9n\u00e9zu\u00e9liens de Paris apr\u00e8s les frappes am\u00e9ricaines"},"content":{"rendered":"<p>                    Par<br \/>\n        <strong><br \/>\n            <a href=\"https:\/\/actu.fr\/auteur\/antoine-grotteria02\" title=\"Consulter tous les articles de Antoine Grotteria\" target=\"_blank\" rel=\"noopener\">Antoine Grotteria<\/a><br \/>\n                    <\/strong><\/p>\n<p>        Publi\u00e9 le<\/p>\n<p>            3 janv. 2026 \u00e0 18h42        <\/p>\n<p>Des milliers de kilom\u00e8tres et un oc\u00e9an s\u00e9parent Paris du Venezuela. Mais la distance n\u2019efface pas l\u2019amour que ressent Xiaomara pour les siens. Alors, quand cette femme, qui r\u00e9side \u00e0 Boulogne-Billancourt (Hauts-de-Seine), a appris au r\u00e9veil de ce samedi 3\u00a0janvier 2026 que son pays natal \u00e9tait le th\u00e9\u00e2tre de <a href=\"https:\/\/actu.fr\/monde\/direct-venezuela-frappes-americaines-le-president-nicolas-maduro-capture-et-exfiltre-donald-trump_63647486.html\" target=\"_blank\" rel=\"noopener\">plusieurs explosions r\u00e9sultant de frappes revendiqu\u00e9es par les \u00c9tats-Unis<\/a>, elle a rapidement saisi son t\u00e9l\u00e9phone pour s\u2019enqu\u00e9rir de la <strong>sant\u00e9<\/strong> de sa famille. \u00ab\u2009J\u2019ai pu \u00e9changer avec eux sur WhatsApp. Mon neveu, qui habite pr\u00e8s de l\u2019a\u00e9roport de Caracas (la capitale, NDLR), a vu et entendu les bombardements. Je suis inqui\u00e8te, m\u00eame si mes proches vont bien\u2009\u00bb, t\u00e9moigne aupr\u00e8s d\u2019actu Paris l\u2019administratrice du groupe \u00ab\u2009Maison Venezuela \u00e0 Paris\u2009\u00bb sur Facebook, une plateforme qui promeut les \u00e9changes culturels entre ce pays d\u2019Am\u00e9rique latine et la France. Comme elle, la diaspora bas\u00e9e \u00e0 Paris est noy\u00e9e dans un oc\u00e9an d\u2019incertitudes. Entre <strong>angoisses et espoirs<\/strong>.<\/p>\n<p>\u00ab\u2009C\u2019est triste, mais ce n\u2019est pas \u00e9tonnant\u2009\u00bb<\/p>\n<p class=\" wall-content\">Alors que les relations entre Washington et Caracas s\u2019envenimaient depuis plusieurs mois, la traduction militaire quasi in\u00e9vitable s\u2019est d\u00e9roul\u00e9e la nuit derni\u00e8re. Vers 1h30, plusieurs <strong>explosions<\/strong> ont retenti \u00e0 divers endroits de la R\u00e9publique bolivarienne. Il n\u2019a pas fallu longtemps au pr\u00e9sident am\u00e9ricain <a href=\"https:\/\/actu.fr\/tag\/donald-trump\" target=\"_blank\" rel=\"noopener\">Donald Trump<\/a> pour confirmer le lancement d\u2019une <strong>attaque de \u00ab\u2009grande envergure\u2009\u00bb<\/strong> mat\u00e9rialis\u00e9e par la <a href=\"https:\/\/actu.fr\/monde\/bruits-de-survols-etat-d-exception-ce-que-l-on-sait-des-explosions-entendues-dans-la-capitale-du-venezuela_63646907.html\" target=\"_blank\" rel=\"noopener\">capture et l\u2019exfiltration<\/a> de son homologue v\u00e9n\u00e9zu\u00e9lien Nicolas Maduro, fustig\u00e9e par plusieurs nations europ\u00e9ennes dont la France.<\/p>\n<p class=\" wall-content\">Ce sc\u00e9nario, Leonardo reconna\u00eet l\u2019avoir imagin\u00e9. \u00ab\u2009C\u2019est triste, mais ce n\u2019est pas \u00e9tonnant\u2009\u00bb, admet-il par t\u00e9l\u00e9phone \u00e0 actu Paris. \u00c0 33\u00a0ans, ce g\u00e9rant du restaurant Barepa (17e) fait partie des quelques membres de sa famille \u00e0 avoir quitt\u00e9 le pays, asphyxi\u00e9 par une <strong>crise \u00e9conomique<\/strong> sans fin depuis le d\u00e9but des ann\u00e9es 2010, m\u00fb par ses aspirations \u00e0 un meilleur avenir.<\/p>\n<p class=\" wall-content\">Fataliste, il n\u2019en demeure pas moins pr\u00e9occup\u00e9. Et ce, m\u00eame si ses proches n\u2019ont pas \u00e9t\u00e9 victimes des bombardements.<\/p>\n<blockquote class=\"ac-article-quote wall-content\">\n<p>\u00ab\u00a0J&rsquo;ai parl\u00e9 \u00e0 mon p\u00e8re durant 30 minutes. Il va bien, comme tous les membres de ma famille. Mais j&rsquo;ai peur pour les miens, car on ne sait pas comment les choses vont \u00e9voluer\u00a0\u00bb<\/p>\n<p>    <strong>Leonardo<\/strong><br \/>\n        V\u00e9n\u00e9zu\u00e9lien de Paris     <\/p><\/blockquote>\n<p>Des \u00e9changes par Internet<\/p>\n<p class=\" wall-content\">Si l\u2019horizon \u00e0 courte vue se r\u00e9v\u00e8le bouch\u00e9, les \u00e9migr\u00e9s se rassurent comme ils peuvent. \u00ab\u2009Internet fonctionne et les communications ne sont pas toutes coup\u00e9es\u2009\u00bb, fait savoir Xiaomara. Un \u00e9tat pr\u00e9caire qui leur permet de maintenir <strong>le lien<\/strong> avec ceux qui \u00ab\u2009sont confin\u00e9s\u2009\u00bb, pr\u00e9cise-t-elle. Un privil\u00e8ge, aussi, dont ne peuvent pas b\u00e9n\u00e9ficier les V\u00e9n\u00e9zu\u00e9liens r\u00e9sidant dans les quartiers les plus pauvres.<\/p>\n<p class=\" wall-content\">\u00ab\u2009Selon ma s\u0153ur, qui habite derri\u00e8re le palais pr\u00e9sidentiel,<strong> il n\u2019y a pas d\u2019\u00e9lectricit\u00e9<\/strong> \u00e0 plusieurs endroits de Caracas. Je pense \u00e0 tout le peuple v\u00e9n\u00e9zu\u00e9lien en ce moment,\u2009\u00bb clame Xiaomara. Son affliction s\u2019accompagne d\u2019une conviction, plus politique. \u00ab\u2009Les V\u00e9n\u00e9zu\u00e9liens peuvent \u00eatre contents que le r\u00e9gime soit <strong>\u00e9branl\u00e9<\/strong> de la sorte\u2009\u00bb, insiste celle qui a \u00e9migr\u00e9 dans l\u2019Hexagone au d\u00e9but des ann\u00e9es 1990.<\/p>\n<p>Votre r\u00e9gion, votre actu !<\/p>\n<p>Recevez chaque jour les infos qui comptent pour vous.<\/p>\n<p>\t<a href=\"https:\/\/actu.fr\/newsletter\" class=\"ac-btn ac-btn--corner ac-btn--medium ac-btn--blue800\" target=\"_blank\" rel=\"noopener\">S&rsquo;incrire<\/a><\/p>\n<p class=\" wall-content\">Elle se souvient de son dernier voyage \u00e0 Caracas, il y a douze ans, lorsque les autorit\u00e9s ont \u00ab\u2009menac\u00e9\u2009\u00bb son fils \u00e0 l\u2019a\u00e9roport apr\u00e8s que ce dernier a montr\u00e9 un \u00ab\u2009tampon am\u00e9ricain\u2009\u00bb. \u00ab\u2009Ce sont des bandits qui vous demandent de l\u2019argent pour \u00e9viter que vous n\u2019alliez en prison\u2009\u00bb, d\u00e9nonce-t-elle.<\/p>\n<p>Une petite communaut\u00e9 \u00e0 Paris<\/p>\n<p class=\" wall-content\">De son c\u00f4t\u00e9, Leonardo se refuse \u00e0 tout commentaire \u00ab\u2009politique\u2009\u00bb. \u00ab\u2009Je veux juste que les gens puissent vivre dans la dignit\u00e9 et puissent cr\u00e9er les conditions de leur r\u00e9ussite\u2009\u00bb, d\u00e9clare-t-il. Un souhait qui sonne comme un mantra pour les <strong>7,9\u00a0millions<\/strong> de V\u00e9n\u00e9zu\u00e9liens qui ont <strong>fui<\/strong> le pays, selon les <a href=\"https:\/\/www.iom.int\/fr\/reponse-la-situation-des-migrants-et-refugies-venezueliens\" target=\"_blank\" rel=\"noopener\">donn\u00e9es<\/a> fournies en 2024 par l\u2019Organisation internationale des migrations (Oim).<\/p>\n<p class=\" wall-content\">Pour eux, l\u2019Hexagone est loin de repr\u00e9senter la premi\u00e8re destination europ\u00e9enne. En 2017, avant l\u2019aggravation du contexte \u00e9conomique, 7\u2009700 V\u00e9n\u00e9zu\u00e9liens avaient \u00e9migr\u00e9 en France -d\u2019apr\u00e8s <a href=\"https:\/\/www.insee.fr\/fr\/statistiques\/4510549?sommaire=4510556\" target=\"_blank\" rel=\"noopener\">l\u2019Insee<\/a>\u2013 un chiffre tr\u00e8s \u00e9loign\u00e9 du contingent br\u00e9silien, ha\u00eftien ou encore am\u00e9ricain. \u00ab\u2009On est une petite communaut\u00e9 \u00e0 Paris, mais on est tr\u00e8s soud\u00e9s, surtout entre commer\u00e7ants\u2009\u00bb, r\u00e9sume Leonardo.<\/p>\n<p class=\" wall-content\">Personnalisez votre actualit\u00e9 en ajoutant vos villes et m\u00e9dias en favori avec <a href=\"https:\/\/moncompte.actu.fr\" title=\"D\u00e9couvez Mon Actu\" rel=\"nofollow noopener\" data-trk=\"{&quot;cta&quot;:{&quot;action&quot;:&quot;https:\\\/\\\/moncompte.actu.fr&quot;,&quot;category&quot;:&quot;mon compte&quot;,&quot;from&quot;:&quot;article footer&quot;,&quot;name&quot;:&quot;Mon actu&quot;,&quot;type&quot;:&quot;cta&quot;}}\" target=\"_blank\">Mon Actu<\/a>.<\/p>\n","protected":false},"excerpt":{"rendered":"Par Antoine Grotteria Publi\u00e9 le 3 janv. 2026 \u00e0 18h42 Des milliers de kilom\u00e8tres et un oc\u00e9an s\u00e9parent&hellip;\n","protected":false},"author":2,"featured_media":638852,"comment_status":"","ping_status":"","sticky":false,"template":"","format":"standard","meta":{"footnotes":""},"categories":[1888],"tags":[1111,1928,11,1927,75,73,1777,674,1011,27,74,12,1926,626,1925,25],"class_list":{"0":"post-638851","1":"post","2":"type-post","3":"status-publish","4":"format-standard","5":"has-post-thumbnail","7":"category-paris","8":"tag-actu","9":"tag-actu-paris","10":"tag-actualites","11":"tag-actualites-paris","12":"tag-donald-trump","13":"tag-etats-unis","14":"tag-eu","15":"tag-europe","16":"tag-fr","17":"tag-france","18":"tag-monde","19":"tag-news","20":"tag-news-paris","21":"tag-paris","22":"tag-paris-news","23":"tag-republique-francaise"},"share_on_mastodon":{"url":"https:\/\/pubeurope.com\/@fr\/115832672990043054","error":""},"_links":{"self":[{"href":"https:\/\/www.europesays.com\/fr\/wp-json\/wp\/v2\/posts\/638851","targetHints":{"allow":["GET"]}}],"collection":[{"href":"https:\/\/www.europesays.com\/fr\/wp-json\/wp\/v2\/posts"}],"about":[{"href":"https:\/\/www.europesays.com\/fr\/wp-json\/wp\/v2\/types\/post"}],"author":[{"embeddable":true,"href":"https:\/\/www.europesays.com\/fr\/wp-json\/wp\/v2\/users\/2"}],"replies":[{"embeddable":true,"href":"https:\/\/www.europesays.com\/fr\/wp-json\/wp\/v2\/comments?post=638851"}],"version-history":[{"count":0,"href":"https:\/\/www.europesays.com\/fr\/wp-json\/wp\/v2\/posts\/638851\/revisions"}],"wp:featuredmedia":[{"embeddable":true,"href":"https:\/\/www.europesays.com\/fr\/wp-json\/wp\/v2\/media\/638852"}],"wp:attachment":[{"href":"https:\/\/www.europesays.com\/fr\/wp-json\/wp\/v2\/media?parent=638851"}],"wp:term":[{"taxonomy":"category","embeddable":true,"href":"https:\/\/www.europesays.com\/fr\/wp-json\/wp\/v2\/categories?post=638851"},{"taxonomy":"post_tag","embeddable":true,"href":"https:\/\/www.europesays.com\/fr\/wp-json\/wp\/v2\/tags?post=638851"}],"curies":[{"name":"wp","href":"https:\/\/api.w.org\/{rel}","templated":true}]}}