{"id":638857,"date":"2026-01-03T18:53:11","date_gmt":"2026-01-03T18:53:11","guid":{"rendered":"https:\/\/www.europesays.com\/fr\/638857\/"},"modified":"2026-01-03T18:53:11","modified_gmt":"2026-01-03T18:53:11","slug":"le-psg-tient-enfin-la-recrue-ideale-pour-40-me","status":"publish","type":"post","link":"https:\/\/www.europesays.com\/fr\/638857\/","title":{"rendered":"Le PSG tient enfin la recrue id\u00e9ale pour 40 ME"},"content":{"rendered":"<p><b>Ouvert \u00e0 la signature d\u2019une recrue cet hiver, le PSG attend simplement de trouver la cible id\u00e9ale pour se lancer. Le club parisien pourrait d\u00e9gainer dans le dossier Konstantinos Karetsas, milieu offensif grec de Genk.<\/b><\/p>\n<p>Avec ses 6 passes d\u00e9cisives en championnat depuis le d\u00e9but de la saison, Konstantinos Karetsas est un joueur de plus en plus suivi par les gros clubs europ\u00e9ens. <a href=\"https:\/\/www.foot01.com\/paris\/40-me-le-psg-craque-pour-ce-dieu-grec\" target=\"_self\" rel=\"noopener\">Le milieu offensif grec de seulement 18 ans figure notamment dans le viseur du Paris Saint-Germain<\/a> comme le confirme le journaliste turc Ekrem Konur. Rien de surprenant puisque la semaine pass\u00e9e d\u00e9j\u00e0, le journal AS r\u00e9v\u00e9lait que le champion d\u2019Europe en titre \u00e9tait tr\u00e8s int\u00e9ress\u00e9 \u00e0 l\u2019id\u00e9e de recruter le joueur de Genk, sous contrat avec le club belge jusqu\u2019en 2029.<\/p>\n<p>Dans sa politique de recrutement bas\u00e9e sur l\u2019achat de jeunes joueurs \u00e0 fort potentiel, le PSG est logiquement tr\u00e8s chaud sur le dossier Karetsas. Une piste valid\u00e9e par le compte sp\u00e9cialis\u00e9 @EspoirsduFootball, qui estime que ce potentiel renfort est id\u00e9al pour Paris alors que Karetsas est estim\u00e9 \u00e0 environ 40 millions d\u2019euros. \u00ab\u00a0S&rsquo;il n&rsquo;a pas marqu\u00e9 en Jupiler League cette saison, il a d\u00e9j\u00e0 d\u00e9livr\u00e9 6 passes d\u00e9cisives et surtout il offre un profil extr\u00eamement int\u00e9ressant\u00a0\u00bb estime le compte X sp\u00e9cialis\u00e9 dans les p\u00e9pites du football europ\u00e9en, avant de poursuivre.<\/p>\n<p>\u00ab\u00a0Il n&rsquo;a que 18 ans, mais d\u00e9j\u00e0 une belle exp\u00e9rience au niveau professionnel, qu&rsquo;il a d\u00e9couvert \u00e0 l&rsquo;\u00e2ge de 15 ans. Il compte d\u00e9j\u00e0 71 matchs avec l&rsquo;\u00e9quipe premi\u00e8re de Genk (3 903 minutes) et il est d\u00e9j\u00e0 international A. Karetsas a une valeur marchande tr\u00e8s \u00e9lev\u00e9e, et il est particuli\u00e8rement convoit\u00e9, mais il peut parfaitement s&rsquo;inscrire dans le projet de jeu de Luis Enrique\u00a0\u00bb ajoute le sp\u00e9cialiste, convaincu que l\u2019international grec (9 s\u00e9lections, 3 buts) a tout pour parfaitement entrer dans le moule sous la direction de Luis Enrique au Paris Saint-Germain. <\/p>\n<p>Reste maintenant \u00e0 voir si le club de la capitale osera passer \u00e0 l\u2019offensive d\u00e8s janvier avec une offre comprise aux alentours de 40 millions d\u2019euros, le prix fix\u00e9 par Genk. S\u2019il veut vraiment Karetsas, le PSG devra en tout cas faire vite alors que selon Transfermarkt, des clubs tels que Leverkusen, Chelsea, le Bayern Munich ou Manchester City sont \u00e9galement sur les rangs pour l\u2019accueillir.<\/p>\n","protected":false},"excerpt":{"rendered":"Ouvert \u00e0 la signature d\u2019une recrue cet hiver, le PSG attend simplement de trouver la cible id\u00e9ale pour&hellip;\n","protected":false},"author":2,"featured_media":638858,"comment_status":"","ping_status":"","sticky":false,"template":"","format":"standard","meta":{"footnotes":""},"categories":[1888],"tags":[11,1777,674,1011,27,1434,12,626,93,25],"class_list":{"0":"post-638857","1":"post","2":"type-post","3":"status-publish","4":"format-standard","5":"has-post-thumbnail","7":"category-paris","8":"tag-actualites","9":"tag-eu","10":"tag-europe","11":"tag-fr","12":"tag-france","13":"tag-mercato","14":"tag-news","15":"tag-paris","16":"tag-psg","17":"tag-republique-francaise"},"share_on_mastodon":{"url":"https:\/\/pubeurope.com\/@fr\/115832684819168240","error":""},"_links":{"self":[{"href":"https:\/\/www.europesays.com\/fr\/wp-json\/wp\/v2\/posts\/638857","targetHints":{"allow":["GET"]}}],"collection":[{"href":"https:\/\/www.europesays.com\/fr\/wp-json\/wp\/v2\/posts"}],"about":[{"href":"https:\/\/www.europesays.com\/fr\/wp-json\/wp\/v2\/types\/post"}],"author":[{"embeddable":true,"href":"https:\/\/www.europesays.com\/fr\/wp-json\/wp\/v2\/users\/2"}],"replies":[{"embeddable":true,"href":"https:\/\/www.europesays.com\/fr\/wp-json\/wp\/v2\/comments?post=638857"}],"version-history":[{"count":0,"href":"https:\/\/www.europesays.com\/fr\/wp-json\/wp\/v2\/posts\/638857\/revisions"}],"wp:featuredmedia":[{"embeddable":true,"href":"https:\/\/www.europesays.com\/fr\/wp-json\/wp\/v2\/media\/638858"}],"wp:attachment":[{"href":"https:\/\/www.europesays.com\/fr\/wp-json\/wp\/v2\/media?parent=638857"}],"wp:term":[{"taxonomy":"category","embeddable":true,"href":"https:\/\/www.europesays.com\/fr\/wp-json\/wp\/v2\/categories?post=638857"},{"taxonomy":"post_tag","embeddable":true,"href":"https:\/\/www.europesays.com\/fr\/wp-json\/wp\/v2\/tags?post=638857"}],"curies":[{"name":"wp","href":"https:\/\/api.w.org\/{rel}","templated":true}]}}