{"id":638861,"date":"2026-01-03T18:55:11","date_gmt":"2026-01-03T18:55:11","guid":{"rendered":"https:\/\/www.europesays.com\/fr\/638861\/"},"modified":"2026-01-03T18:55:11","modified_gmt":"2026-01-03T18:55:11","slug":"les-europeens-discutent-des-propositions-de-paix-en-ukraine-avant-le-sommet","status":"publish","type":"post","link":"https:\/\/www.europesays.com\/fr\/638861\/","title":{"rendered":"Les Europ\u00e9ens discutent des propositions de paix en Ukraine avant le sommet"},"content":{"rendered":"<p>Les conseillers europ\u00e9ens \u00e0 la s\u00e9curit\u00e9 nationale sont arriv\u00e9s samedi \u00e0 Kyiv pour discuter des derni\u00e8res propositions de paix alors que les efforts diplomatiques men\u00e9s par les \u00c9tats-Unis pour mettre fin \u00e0 la guerre qui dure depuis pr\u00e8s de quatre ans en Ukraine s\u2019intensifient. Le pr\u00e9sident ukrainien Volodymyr Zelensky et les dirigeants europ\u00e9ens se r\u00e9uniront la semaine prochaine.<\/p>\n<p>\u00abUne journ\u00e9e de travail charg\u00e9e nous attend: questions de s\u00e9curit\u00e9 et \u00e9conomiques, travail sur les documents-cadres, coordination des prochaines \u00e9tapes avec les partenaires\u00bb, a mentionn\u00e9 le n\u00e9gociateur en chef ukrainien, Rustem Umerov, dans un message publi\u00e9 sur X.<\/p>\n<p>Il a pr\u00e9cis\u00e9 que des repr\u00e9sentants du Canada et de l\u2019OTAN \u00e9taient pr\u00e9sents, en plus des repr\u00e9sentants des pays et des organismes europ\u00e9ens.<\/p>\n<p>L\u2019Ukraine coordonne avec ses partenaires europ\u00e9ens des plans de garantie de s\u00e9curit\u00e9 qui incluraient un accord-cadre multilat\u00e9ral impliquant les forces ukrainiennes en premi\u00e8re ligne de d\u00e9fense, des troupes europ\u00e9ennes d\u00e9ploy\u00e9es en Ukraine et le soutien \u00abde secours\u00bb des \u00c9tats-Unis, selon un n\u00e9gociateur ukrainien, Oleksandr Bevz.<\/p>\n<p>Le vice-premier ministre ukrainien, Taras Kachka, a d\u00e9clar\u00e9 samedi que les partenaires internationaux \u00e9taient parvenus \u00e0 un consensus sur un programme d\u2019aide \u00e9conomique d\u2019environ 800\u00a0milliards\u00a0$\u00a0US pour l\u2019Ukraine au cours de la prochaine d\u00e9cennie.<\/p>\n<p>Ce plan, bas\u00e9 sur les calculs de la Banque mondiale, du Fonds mon\u00e9taire international et de l\u2019Union europ\u00e9enne, couvrirait l\u2019indemnisation des dommages, la reconstruction, la stabilit\u00e9 \u00e9conomique et un \u00abstimulant\u00bb de croissance de 200\u00a0milliards\u00a0$, et serait li\u00e9 aux r\u00e9formes men\u00e9es par l\u2019Ukraine en vue de son adh\u00e9sion \u00e0 l\u2019Union europ\u00e9enne.<\/p>\n<p>Les sources de financement pr\u00e9cises n\u2019ont pas encore \u00e9t\u00e9 identifi\u00e9es, a d\u00e9clar\u00e9 le ministre de l\u2019\u00c9conomie Oleksii Sobolev, mais environ 500\u00a0milliards\u00a0$ devraient provenir de subventions publiques et de pr\u00eats, les d\u00e9tails devant \u00eatre r\u00e9gl\u00e9s au cours des deux prochaines semaines.<\/p>\n<p>M.\u00a0Zelensky a annonc\u00e9 mardi son intention de rencontrer les responsables d\u2019une trentaine de pays, baptis\u00e9s \u00abCoalition des volontaires\u00bb, qui soutiennent les efforts de Kiev pour mettre fin \u00e0 la guerre avec la Russie \u00e0 des conditions acceptables.<\/p>\n<p>La r\u00e9union de samedi sera suivie d\u2019une r\u00e9union des dirigeants de ces pays mardi \u00e0 Paris.<\/p>\n<p>Le pr\u00e9sident Zelensky a propos\u00e9 samedi que le ministre de la D\u00e9fense Denys Shmyhal devienne ministre de l\u2019\u00c9nergie et premier vice-premier ministre.<\/p>\n<p>La veille, il a nomm\u00e9 le chef des renseignements militaires ukrainiens comme nouveau chef de cabinet. Le pr\u00e9sident a pr\u00e9sent\u00e9 la nomination du g\u00e9n\u00e9ral Kyrylo Budanov comme s\u2019inscrivant dans le cadre d\u2019un effort visant \u00e0 mettre davantage l\u2019accent sur la s\u00e9curit\u00e9, le d\u00e9veloppement de la d\u00e9fense et la diplomatie.<\/p>\n<p>Une attaque nocturne de drones russes sur la r\u00e9gion de Mykola\u00efv a vis\u00e9 des infrastructures critiques et priv\u00e9 certaines communaut\u00e9s d\u2019\u00e9lectricit\u00e9 samedi, selon le chef r\u00e9gional Vitalii Kim. Il a d\u00e9clar\u00e9 que les ing\u00e9nieurs avaient pass\u00e9 la nuit \u00e0 travailler pour r\u00e9tablir l\u2019\u00e9lectricit\u00e9 et qu\u2019aucune victime n\u2019avait \u00e9t\u00e9 signal\u00e9e.<\/p>\n","protected":false},"excerpt":{"rendered":"Les conseillers europ\u00e9ens \u00e0 la s\u00e9curit\u00e9 nationale sont arriv\u00e9s samedi \u00e0 Kyiv pour discuter des derni\u00e8res propositions de&hellip;\n","protected":false},"author":2,"featured_media":638862,"comment_status":"","ping_status":"","sticky":false,"template":"","format":"standard","meta":{"footnotes":""},"categories":[1590],"tags":[11,1777,674,11621,1854,4576,12,220],"class_list":{"0":"post-638861","1":"post","2":"type-post","3":"status-publish","4":"format-standard","5":"has-post-thumbnail","7":"category-ukraine","8":"tag-actualites","9":"tag-eu","10":"tag-europe","11":"tag-https-lactualite-com-sujet-defense","12":"tag-https-lactualite-com-sujet-international","13":"tag-https-lactualite-com-sujet-politique","14":"tag-news","15":"tag-ukraine"},"share_on_mastodon":{"url":"https:\/\/pubeurope.com\/@fr\/115832692681916609","error":""},"_links":{"self":[{"href":"https:\/\/www.europesays.com\/fr\/wp-json\/wp\/v2\/posts\/638861","targetHints":{"allow":["GET"]}}],"collection":[{"href":"https:\/\/www.europesays.com\/fr\/wp-json\/wp\/v2\/posts"}],"about":[{"href":"https:\/\/www.europesays.com\/fr\/wp-json\/wp\/v2\/types\/post"}],"author":[{"embeddable":true,"href":"https:\/\/www.europesays.com\/fr\/wp-json\/wp\/v2\/users\/2"}],"replies":[{"embeddable":true,"href":"https:\/\/www.europesays.com\/fr\/wp-json\/wp\/v2\/comments?post=638861"}],"version-history":[{"count":0,"href":"https:\/\/www.europesays.com\/fr\/wp-json\/wp\/v2\/posts\/638861\/revisions"}],"wp:featuredmedia":[{"embeddable":true,"href":"https:\/\/www.europesays.com\/fr\/wp-json\/wp\/v2\/media\/638862"}],"wp:attachment":[{"href":"https:\/\/www.europesays.com\/fr\/wp-json\/wp\/v2\/media?parent=638861"}],"wp:term":[{"taxonomy":"category","embeddable":true,"href":"https:\/\/www.europesays.com\/fr\/wp-json\/wp\/v2\/categories?post=638861"},{"taxonomy":"post_tag","embeddable":true,"href":"https:\/\/www.europesays.com\/fr\/wp-json\/wp\/v2\/tags?post=638861"}],"curies":[{"name":"wp","href":"https:\/\/api.w.org\/{rel}","templated":true}]}}