{"id":638867,"date":"2026-01-03T18:58:11","date_gmt":"2026-01-03T18:58:11","guid":{"rendered":"https:\/\/www.europesays.com\/fr\/638867\/"},"modified":"2026-01-03T18:58:11","modified_gmt":"2026-01-03T18:58:11","slug":"lallemagne-appelle-a-une-solution-politique-a-la-crise-venezuelienne","status":"publish","type":"post","link":"https:\/\/www.europesays.com\/fr\/638867\/","title":{"rendered":"L&rsquo;Allemagne appelle \u00e0 une solution politique \u00e0 la crise v\u00e9n\u00e9zu\u00e9lienne"},"content":{"rendered":"<p>Le minist\u00e8re allemand des Affaires \u00e9trang\u00e8res a appel\u00e9 samedi \u00e0 une solution politique au Venezuela, o\u00f9 les \u00c9tats-Unis ont attaqu\u00e9 et captur\u00e9 le dirigeant Nicolas Maduro.<\/p>\n<p>\u00ab\u00a0Nous appelons toutes les parties impliqu\u00e9es \u00e0 \u00e9viter une escalade de la situation et \u00e0 rechercher des voies pour un r\u00e8glement politique\u00a0\u00bb, indique une communication \u00e9crite obtenue par Reuters apr\u00e8s qu&rsquo;une cellule de crise s&rsquo;est r\u00e9unie au minist\u00e8re.<\/p>\n<p>\u00ab\u00a0Le droit international doit \u00eatre respect\u00e9&#8230; Les V\u00e9n\u00e9zu\u00e9liens m\u00e9ritent un avenir pacifique et d\u00e9mocratique\u00a0\u00bb, ajoute le texte.<\/p>\n<p>Le minist\u00e8re a pr\u00e9cis\u00e9 qu&rsquo;il \u00e9tait en contact \u00e9troit avec l&rsquo;ambassade \u00e0 Caracas et qu&rsquo;un avertissement aux voyageurs avait \u00e9t\u00e9 \u00e9mis.<\/p>\n<p>Cette note fait \u00e9cho aux d\u00e9clarations de la principale diplomate de l&rsquo;Union europ\u00e9enne, Kaja Kallas, qui a r\u00e9it\u00e9r\u00e9 que Maduro \u00ab\u00a0manque de l\u00e9gitimit\u00e9\u00a0\u00bb, ainsi qu&rsquo;\u00e0 celles de la pr\u00e9sidente de la Commission europ\u00e9enne, Ursula von der Leyen, qui a exig\u00e9 le respect du droit international.<\/p>\n<p>Les responsables politiques et commentateurs allemands ont affich\u00e9 samedi des positions partag\u00e9es, certains applaudissant la destitution de Maduro, d&rsquo;autres d\u00e9non\u00e7ant ce qu&rsquo;ils consid\u00e8rent comme l&rsquo;abandon de l&rsquo;ordre international fond\u00e9 sur des r\u00e8gles depuis 1945 en Occident.<\/p>\n<p>(Reportage de Andreas Rinke et Vera Eckert\u00a0; r\u00e9daction par Toby Chopra)<\/p>\n","protected":false},"excerpt":{"rendered":"Le minist\u00e8re allemand des Affaires \u00e9trang\u00e8res a appel\u00e9 samedi \u00e0 une solution politique au Venezuela, o\u00f9 les \u00c9tats-Unis&hellip;\n","protected":false},"author":2,"featured_media":638868,"comment_status":"","ping_status":"","sticky":false,"template":"","format":"standard","meta":{"footnotes":""},"categories":[1587],"tags":[11,672,340,1804,1805,1803,1777,674,1801,12,1802],"class_list":{"0":"post-638867","1":"post","2":"type-post","3":"status-publish","4":"format-standard","5":"has-post-thumbnail","7":"category-allemagne","8":"tag-actualites","9":"tag-allemagne","10":"tag-bourse","11":"tag-bundesrepublik-deutschland","12":"tag-de","13":"tag-deutschland","14":"tag-eu","15":"tag-europe","16":"tag-germany","17":"tag-news","18":"tag-republique-federale-dallemagne"},"share_on_mastodon":{"url":"https:\/\/pubeurope.com\/@fr\/115832704519172274","error":""},"_links":{"self":[{"href":"https:\/\/www.europesays.com\/fr\/wp-json\/wp\/v2\/posts\/638867","targetHints":{"allow":["GET"]}}],"collection":[{"href":"https:\/\/www.europesays.com\/fr\/wp-json\/wp\/v2\/posts"}],"about":[{"href":"https:\/\/www.europesays.com\/fr\/wp-json\/wp\/v2\/types\/post"}],"author":[{"embeddable":true,"href":"https:\/\/www.europesays.com\/fr\/wp-json\/wp\/v2\/users\/2"}],"replies":[{"embeddable":true,"href":"https:\/\/www.europesays.com\/fr\/wp-json\/wp\/v2\/comments?post=638867"}],"version-history":[{"count":0,"href":"https:\/\/www.europesays.com\/fr\/wp-json\/wp\/v2\/posts\/638867\/revisions"}],"wp:featuredmedia":[{"embeddable":true,"href":"https:\/\/www.europesays.com\/fr\/wp-json\/wp\/v2\/media\/638868"}],"wp:attachment":[{"href":"https:\/\/www.europesays.com\/fr\/wp-json\/wp\/v2\/media?parent=638867"}],"wp:term":[{"taxonomy":"category","embeddable":true,"href":"https:\/\/www.europesays.com\/fr\/wp-json\/wp\/v2\/categories?post=638867"},{"taxonomy":"post_tag","embeddable":true,"href":"https:\/\/www.europesays.com\/fr\/wp-json\/wp\/v2\/tags?post=638867"}],"curies":[{"name":"wp","href":"https:\/\/api.w.org\/{rel}","templated":true}]}}