{"id":638879,"date":"2026-01-03T19:06:10","date_gmt":"2026-01-03T19:06:10","guid":{"rendered":"https:\/\/www.europesays.com\/fr\/638879\/"},"modified":"2026-01-03T19:06:10","modified_gmt":"2026-01-03T19:06:10","slug":"top-14-le-stade-francais-soffre-le-bonus-offensif-face-a-castres","status":"publish","type":"post","link":"https:\/\/www.europesays.com\/fr\/638879\/","title":{"rendered":"Top 14 \u2013 Le Stade fran\u00e7ais s\u2019offre le bonus offensif face \u00e0 Castres"},"content":{"rendered":"<p>\n                Malgr\u00e9 une petite baisse de r\u00e9gime en deuxi\u00e8me p\u00e9riode, le Stade fran\u00e7ais s\u2019est tout de m\u00eame impos\u00e9 (33-15) face au CO. Plus r\u00e9alistes que les Castrais, qui ont parfois eu du mal \u00e0 concr\u00e9tiser leurs temps forts, les hommes de Paul Gustard s\u2019offrent le bonus et grappillent de pr\u00e9cieux points pour la course au top 6.\n            <\/p>\n<p>Sous le soleil froid de ce d\u00e9but de mois de janvier, le Stade Fran\u00e7ais lan\u00e7ait sa nouvelle ann\u00e9e comme on coche une bonne r\u00e9solution. Les Parisiens s\u2019imposaient\u00a0avec s\u00e9rieux\u00a0et efficacit\u00e9 cet apr\u00e8s-midi et\u00a0validaient une victoire pr\u00e9cieuse face \u00e0 Castres, assortie d\u2019un bonus offensif arrach\u00e9 au bout du suspense, comme pour rappeler que 2026 commen\u00e7ait sur des bases solides.<\/p>\n<p>D\u00e8s l\u2019entame, les Parisiens imposaient leur tempo. Le pack avan\u00e7ait, la discipline \u00e9tait globalement au rendez-vous et les intentions se faisaient claires\u00a0: il fallait repartir de l\u2019avant apr\u00e8s la courte d\u00e9faite \u00e0 Bayonne. Dans une atmosph\u00e8re hivernale mais anim\u00e9e, le Stade Fran\u00e7ais prenait rapidement l\u2019ascendant. Le ballon port\u00e9 faisait des d\u00e9g\u00e2ts et Halaifonua profitait d\u2019une touche \u00e0 cinq m\u00e8tres pour ouvrir le score. Carbonel, tr\u00e8s en vue cette saison, bonifiait puis continuait son r\u00e9cital en inscrivant lui-m\u00eame un deuxi\u00e8me essai apr\u00e8s un beau mouvement collectif. <strong><a href=\"https:\/\/www.rugbyrama.fr\/resultats\/rugby\/top-14\/phase-reguliere\/rencontre\/55831\/stade-francais-castres\" target=\"_self\" rel=\"noopener\">\u00c0 la pause, Paris menait 14-0 et semblait avoir pris la mesure de son adversaire<\/a><\/strong>.<\/p>\n<p>La r\u00e9volte du CO<\/p>\n<p>Pourtant, \u00e0 l\u2019image des lendemains de f\u00eates parfois trompeurs, la seconde p\u00e9riode s\u2019annon\u00e7ait moins lin\u00e9aire. Castres revenait avec de meilleures intentions et tentait de bousculer les certitudes parisiennes. Les Tarnais manquaient encore de pr\u00e9cision, se heurtaient \u00e0 une d\u00e9fense appliqu\u00e9e, mais restaient dans le match. Paris, de son c\u00f4t\u00e9, continuait d\u2019appuyer l\u00e0 o\u00f9 cela faisait mal. Le travail des avants finissait par payer et Kerr-Barlow concluait une longue s\u00e9quence pr\u00e8s de la ligne, redonnant de l\u2019air aux siens (19-3).<\/p>\n<p>Une fin de match plein de suspens<\/p>\n<p>Lorsque Peyresblanques inscrivait un nouvel essai \u00e0 l\u2019approche du dernier quart d\u2019heure, le Stade Fran\u00e7ais semblait avoir fait le plus dur avec ce point du bonus offensif provisoire. Mais Castres refusait de l\u00e2cher. L\u2019acc\u00e9l\u00e9ration fulgurante de Botitu, puis l\u2019essai d\u2019Ardron en fin de rencontre, faisaient planer le doute et faisaient trembler Jean-Bouin. Le bonus offensif semblait alors s\u2019\u00e9chapper, comme une r\u00e9solution menac\u00e9e par un dernier \u00e9cart (26-15).<\/p>\n<p>C\u2019\u00e9tait sans compter sur ce sursaut final, symbole de l\u2019\u00e9tat d\u2019esprit parisien. \u00c0 la 79e minute, Macalou jouait vite une p\u00e9nalit\u00e9, Motassi lan\u00e7ait l\u2019action et Barr\u00e9 venait aplatir l\u2019essai lib\u00e9rateur. Carbonel transformait et scellait une victoire bonifi\u00e9e, salu\u00e9e comme un signe fort pour d\u00e9buter l\u2019ann\u00e9e.<\/p>\n<p>Invaincu \u00e0 domicile, le Stade Fran\u00e7ais confirmait ainsi que ses bonnes r\u00e9solutions n\u2019\u00e9taient pas de simples promesses de nouvel an. Paris avan\u00e7ait, avec caract\u00e8re et ambitions, pr\u00eat \u00e0 faire de 2026 une ann\u00e9e \u00e0 la hauteur de ses attentes.<\/p>\n","protected":false},"excerpt":{"rendered":"Malgr\u00e9 une petite baisse de r\u00e9gime en deuxi\u00e8me p\u00e9riode, le Stade fran\u00e7ais s\u2019est tout de m\u00eame impos\u00e9 (33-15)&hellip;\n","protected":false},"author":2,"featured_media":638880,"comment_status":"","ping_status":"","sticky":false,"template":"","format":"standard","meta":{"footnotes":""},"categories":[1416],"tags":[1011,27,479,1468,68796,60,478],"class_list":{"0":"post-638879","1":"post","2":"type-post","3":"status-publish","4":"format-standard","5":"has-post-thumbnail","7":"category-rugby","8":"tag-fr","9":"tag-france","10":"tag-rugby","11":"tag-rugby-football","12":"tag-rugby-u00e0-xv","13":"tag-sports","14":"tag-top-14"},"share_on_mastodon":{"url":"https:\/\/pubeurope.com\/@fr\/115832735935448038","error":""},"_links":{"self":[{"href":"https:\/\/www.europesays.com\/fr\/wp-json\/wp\/v2\/posts\/638879","targetHints":{"allow":["GET"]}}],"collection":[{"href":"https:\/\/www.europesays.com\/fr\/wp-json\/wp\/v2\/posts"}],"about":[{"href":"https:\/\/www.europesays.com\/fr\/wp-json\/wp\/v2\/types\/post"}],"author":[{"embeddable":true,"href":"https:\/\/www.europesays.com\/fr\/wp-json\/wp\/v2\/users\/2"}],"replies":[{"embeddable":true,"href":"https:\/\/www.europesays.com\/fr\/wp-json\/wp\/v2\/comments?post=638879"}],"version-history":[{"count":0,"href":"https:\/\/www.europesays.com\/fr\/wp-json\/wp\/v2\/posts\/638879\/revisions"}],"wp:featuredmedia":[{"embeddable":true,"href":"https:\/\/www.europesays.com\/fr\/wp-json\/wp\/v2\/media\/638880"}],"wp:attachment":[{"href":"https:\/\/www.europesays.com\/fr\/wp-json\/wp\/v2\/media?parent=638879"}],"wp:term":[{"taxonomy":"category","embeddable":true,"href":"https:\/\/www.europesays.com\/fr\/wp-json\/wp\/v2\/categories?post=638879"},{"taxonomy":"post_tag","embeddable":true,"href":"https:\/\/www.europesays.com\/fr\/wp-json\/wp\/v2\/tags?post=638879"}],"curies":[{"name":"wp","href":"https:\/\/api.w.org\/{rel}","templated":true}]}}