{"id":638890,"date":"2026-01-03T19:16:16","date_gmt":"2026-01-03T19:16:16","guid":{"rendered":"https:\/\/www.europesays.com\/fr\/638890\/"},"modified":"2026-01-03T19:16:16","modified_gmt":"2026-01-03T19:16:16","slug":"la-production-de-danse-avec-les-stars-contrainte-de-renoncer-a-un-candidat","status":"publish","type":"post","link":"https:\/\/www.europesays.com\/fr\/638890\/","title":{"rendered":"la production de \u00abDanse avec les stars\u00bb contrainte de renoncer \u00e0 un candidat"},"content":{"rendered":"<p>    Jean-Marc G\u00e9n\u00e9reux, Fauve Hautot et Chris Marques, jur\u00e9s de \u00abDALS\u00bb.<br \/>\n                \uff69 NAOMIE SOYEZ \/ TF1<\/p>\n<p>\n    Les prestations salariales d\u2019une c\u00e9l\u00e8bre star d\u2019Internet \u00e9taient trop \u00e9lev\u00e9es pour TF1. Le concours de danse anim\u00e9 par Camille Combal d\u00e9butera le 23 janvier prochain.<\/p>\n<p class=\"fig-paragraph\">Faire danser les stars a un co\u00fbt pour TF1. Et comme le r\u00e9v\u00e8lent nos confr\u00e8res de\u00a0<a href=\"https:\/\/www.voici.fr\/television\/exclu-danse-avec-les-stars-cette-star-trop-chere-pour-tf1-que-la-chaine-reve-pourtant-de-convaincre-817235\" target=\"_blank\" rel=\"sponsored noopener\" data-gtm-custom-categorie=\"navigation\" data-gtm-custom-action=\"crossclick\" data-gtm-custom-label=\"Contextuel\" data-gtm-event=\"customEventSPE\">Voici<\/a>, certaines personnalit\u00e9s sont trop ch\u00e8res, m\u00eame pour la premi\u00e8re cha\u00eene qui s\u2019appr\u00eate \u00e0 diffuser la quinzi\u00e8me saison de son concours de danse. D\u00e8s le vendredi 23 janvier, une nouvelle salve de candidats va s\u2019\u00e9lancer sur le parquet sous les regards avis\u00e9s de\u00a0<a href=\"https:\/\/www.lefigaro.fr\/tag\/fauve-hautot\" target=\"_blank\" rel=\"noopener\" data-gtm-custom-categorie=\"navigation\" data-gtm-custom-action=\"crossclick\" data-gtm-custom-label=\"Contextuel\" data-gtm-event=\"customEventSPE\">Fauve Hautot<\/a>,\u00a0<a href=\"http:\/\/tvmag.lefigaro.fr\/programme-tv\/ce-soir-tele\/il-me-manque-beaucoup-les-confidences-emouvantes-de-mel-charlot-danse-avec-les-stars-sur-son-fils-20250207\" target=\"_blank\" data-fig-type=\"Article\" rel=\"noopener\" data-gtm-custom-categorie=\"navigation\" data-gtm-custom-action=\"crossclick\" data-gtm-custom-label=\"Contextuel\" data-gtm-event=\"customEventSPE\" data-fig-domain=\"TVMAG\">Mel Charlot<\/a>,\u00a0<a href=\"https:\/\/www.lefigaro.fr\/tag\/jean-marc-genereux\" target=\"_blank\" rel=\"noopener\" data-gtm-custom-categorie=\"navigation\" data-gtm-custom-action=\"crossclick\" data-gtm-custom-label=\"Contextuel\" data-gtm-event=\"customEventSPE\">Jean-Marc G\u00e9n\u00e9reux<\/a>\u00a0et\u00a0<a href=\"https:\/\/www.lefigaro.fr\/tag\/chris-marques\" target=\"_blank\" rel=\"noopener\" data-gtm-custom-categorie=\"navigation\" data-gtm-custom-action=\"crossclick\" data-gtm-custom-label=\"Contextuel\" data-gtm-event=\"customEventSPE\">Chris Marques<\/a>. \u00c0 l\u2019animation, fid\u00e8le au poste, Camille Combal.<\/p>\n<p class=\"fig-paragraph\">Parmi les candidats, plusieurs visages bien connus des t\u00e9l\u00e9spectateurs de \u00abStar Academy\u00bb, autre programme fort de TF1.<a href=\"http:\/\/tvmag.lefigaro.fr\/programme-tv\/tele-realite\/le-projet-de-mon-premier-album-est-boucle-que-devient-julien-lieb-depuis-star-academy-20250616\" target=\"_blank\" data-fig-type=\"Article\" rel=\"noopener\" data-gtm-custom-categorie=\"navigation\" data-gtm-custom-action=\"crossclick\" data-gtm-custom-label=\"Contextuel\" data-gtm-event=\"customEventSPE\" data-fig-domain=\"TVMAG\">\u00a0Julien Lieb<\/a>, chanteur et finaliste de la saison 11 sera en comp\u00e9tition face \u00e0\u00a0<a href=\"https:\/\/www.lefigaro.fr\/tag\/lucie-bernardoni\" target=\"_blank\" rel=\"noopener\" data-gtm-custom-categorie=\"navigation\" data-gtm-custom-action=\"crossclick\" data-gtm-custom-label=\"Contextuel\" data-gtm-event=\"customEventSPE\">Lucie Bernardoni<\/a>\u00a0et Emma, participante \u00e0 la saison 12.<\/p>\n<p>                                                                <a class=\"fig-a11y-skip\" href=\"#fig-a11y-skip-main-inarticle\" data-module=\"a11y-skip\" data-context=\"was @visible\"><br \/>\n    Passer la publicit\u00e9<br \/>\n<\/a>            <\/p>\n<p class=\"fig-paragraph\">L\u2019animateur St\u00e9phane Bern,\u00a0<a href=\"http:\/\/tvmag.lefigaro.fr\/programme-tv\/people\/sa-voiture-a-heurte-les-motos-des-temoins-de-l-agression-de-ian-ziering-a-los-angeles-accablent-l-acteur-de-beverly-hills-20240104\" target=\"_blank\" data-fig-type=\"Article\" rel=\"noopener\" data-gtm-custom-categorie=\"navigation\" data-gtm-custom-action=\"crossclick\" data-gtm-custom-label=\"Contextuel\" data-gtm-event=\"customEventSPE\" data-fig-domain=\"TVMAG\">Ian Ziering,<\/a>\u00a0inoubliable Steve Sanders dans la s\u00e9rie t\u00e9l\u00e9vis\u00e9e Beverly Hills 90210, Miss France 2025\u00a0<a href=\"https:\/\/www.lefigaro.fr\/tag\/angelique-angarni-filopon\" target=\"_blank\" rel=\"noopener\" data-gtm-custom-categorie=\"navigation\" data-gtm-custom-action=\"crossclick\" data-gtm-custom-label=\"Contextuel\" data-gtm-event=\"customEventSPE\">Ang\u00e9lique Angarni-Filopon<\/a>\u00a0ou encore<a href=\"https:\/\/www.lefigaro.fr\/tag\/laure-manaudou\" target=\"_blank\" rel=\"noopener\" data-gtm-custom-categorie=\"navigation\" data-gtm-custom-action=\"crossclick\" data-gtm-custom-label=\"Contextuel\" data-gtm-event=\"customEventSPE\">\u00a0Laure Manaudou<\/a>,\u00a0<a href=\"https:\/\/www.lefigaro.fr\/tag\/philippe-lellouche\" target=\"_blank\" rel=\"noopener\" data-gtm-custom-categorie=\"navigation\" data-gtm-custom-action=\"crossclick\" data-gtm-custom-label=\"Contextuel\" data-gtm-event=\"customEventSPE\">Philippe Lellouche\u00a0<\/a>et l\u2019humoriste Samuel Bambi viennent compl\u00e9ter le casting. Sans oublier les cr\u00e9atrices de contenus\u00a0<a href=\"http:\/\/tvmag.lefigaro.fr\/programme-tv\/series\/squid-game-netflix-organise-des-parties-geantes-du-jeu-1-2-3-soleil-sur-les-champs-elysees-20241125\" target=\"_blank\" data-fig-type=\"Article\" rel=\"noopener\" data-gtm-custom-categorie=\"navigation\" data-gtm-custom-action=\"crossclick\" data-gtm-custom-label=\"Contextuel\" data-gtm-event=\"customEventSPE\" data-fig-domain=\"TVMAG\">Maghla<\/a>\u00a0et\u00a0<a href=\"https:\/\/www.lefigaro.fr\/tag\/juju-fitcats\" target=\"_blank\" rel=\"noopener\" data-gtm-custom-categorie=\"navigation\" data-gtm-custom-action=\"crossclick\" data-gtm-custom-label=\"Contextuel\" data-gtm-event=\"customEventSPE\">Juju Fitcats<\/a>. Et c\u2019est dans cette branche que TF1 aurait bien aim\u00e9 piocher plus de candidats.<\/p>\n<p>                                                                Des communaut\u00e9s puissantes<\/p>\n<p class=\"fig-paragraph\">En effet, les cr\u00e9ateurs de contenus peuvent se vanter de communaut\u00e9s constitu\u00e9es d\u2019un nombre impressionnant d\u2019individus. Juju Fitcats, qui s\u2019affirme de plus en plus \u00e0 la t\u00e9l\u00e9vision sur M6 (\u00abLes Traitres\u00bb, \u00abLa France a un incroyable talent\u00bb) affiche 3,3 millions d\u2019abonn\u00e9s sur Instagram, presque autant sur YouTube et 4,7 millions sur TikTok. Autant de potentiels votants pr\u00eats \u00e0 soutenir leur idole en cas de risque d\u2019\u00e9limination.<\/p>\n<p class=\"fig-paragraph\">Selon le magazine people en kiosque ce vendredi 2 janvier, Squeezie, deuxi\u00e8me Youtubeur de France avec pas moins de 19,9 millions d\u2019abonn\u00e9s, aurait \u00e9t\u00e9 dans \u00able viseur de la production\u00bb. \u00abOn adorerait, mais il est trop cher\u00bb, explique leur source avant de pr\u00e9ciser\u00a0: \u00abPour l\u2019avoir, le cachet serait de 250 000 euros, il faudrait avoir quatre candidats de moins pour rentrer dans le budget\u00bb.\u00a0<\/p>\n","protected":false},"excerpt":{"rendered":"Jean-Marc G\u00e9n\u00e9reux, Fauve Hautot et Chris Marques, jur\u00e9s de \u00abDALS\u00bb. \uff69 NAOMIE SOYEZ \/ TF1 Les prestations salariales&hellip;\n","protected":false},"author":2,"featured_media":638891,"comment_status":"","ping_status":"","sticky":false,"template":"","format":"standard","meta":{"footnotes":""},"categories":[1356],"tags":[194,58,59,1011,27,28198,252,199,1364],"class_list":{"0":"post-638890","1":"post","2":"type-post","3":"status-publish","4":"format-standard","5":"has-post-thumbnail","7":"category-television","8":"tag-danse-avec-les-stars","9":"tag-divertissement","10":"tag-entertainment","11":"tag-fr","12":"tag-france","13":"tag-squeezie","14":"tag-television","15":"tag-tf1","16":"tag-tv"},"share_on_mastodon":{"url":"https:\/\/pubeurope.com\/@fr\/115832776440543697","error":""},"_links":{"self":[{"href":"https:\/\/www.europesays.com\/fr\/wp-json\/wp\/v2\/posts\/638890","targetHints":{"allow":["GET"]}}],"collection":[{"href":"https:\/\/www.europesays.com\/fr\/wp-json\/wp\/v2\/posts"}],"about":[{"href":"https:\/\/www.europesays.com\/fr\/wp-json\/wp\/v2\/types\/post"}],"author":[{"embeddable":true,"href":"https:\/\/www.europesays.com\/fr\/wp-json\/wp\/v2\/users\/2"}],"replies":[{"embeddable":true,"href":"https:\/\/www.europesays.com\/fr\/wp-json\/wp\/v2\/comments?post=638890"}],"version-history":[{"count":0,"href":"https:\/\/www.europesays.com\/fr\/wp-json\/wp\/v2\/posts\/638890\/revisions"}],"wp:featuredmedia":[{"embeddable":true,"href":"https:\/\/www.europesays.com\/fr\/wp-json\/wp\/v2\/media\/638891"}],"wp:attachment":[{"href":"https:\/\/www.europesays.com\/fr\/wp-json\/wp\/v2\/media?parent=638890"}],"wp:term":[{"taxonomy":"category","embeddable":true,"href":"https:\/\/www.europesays.com\/fr\/wp-json\/wp\/v2\/categories?post=638890"},{"taxonomy":"post_tag","embeddable":true,"href":"https:\/\/www.europesays.com\/fr\/wp-json\/wp\/v2\/tags?post=638890"}],"curies":[{"name":"wp","href":"https:\/\/api.w.org\/{rel}","templated":true}]}}