{"id":638896,"date":"2026-01-03T19:19:09","date_gmt":"2026-01-03T19:19:09","guid":{"rendered":"https:\/\/www.europesays.com\/fr\/638896\/"},"modified":"2026-01-03T19:19:09","modified_gmt":"2026-01-03T19:19:09","slug":"laliment-a-bannir-du-petit-dej-selon-un-expert-2","status":"publish","type":"post","link":"https:\/\/www.europesays.com\/fr\/638896\/","title":{"rendered":"l&rsquo;aliment \u00e0 bannir du petit-d\u00e9j selon un expert"},"content":{"rendered":"<p><a href=\"https:\/\/www.grazia.fr\/beaute\/forme-minceur\/ces-5-aliments-reputes-bons-pour-la-sante-font-en-realite-prendre-du-poids-selon-une-dieteticienne-1095121.html\" target=\"_blank\" rel=\"noopener\"><br \/>\nPour atteindre ses objectifs minceur, l\u00a0\u00bbalimentation joue un r\u00f4le<br \/>\ncrucial<\/a>. La perte de poids d\u00e9pend en effet majoritairement de<br \/>\nce que l\u2019on peut trouver dans nos assiettes. Certaines de nos<br \/>\nhabitudes alimentaires, que l\u2019on per\u00e7oit parfois comme saines,<br \/>\npeuvent en r\u00e9alit\u00e9 se r\u00e9v\u00e9ler contre-productives. C\u2019est<br \/>\nparticuli\u00e8rement le cas au petit-d\u00e9jeuner, un repas o\u00f9 l\u2019on peut<br \/>\n\u00eatre amen\u00e9 \u00e0 faire des choix douteux aux r\u00e9percussions<br \/>\nsignificatives sur notre sant\u00e9 et notre ligne.<\/p>\n<p>C\u2019est d\u2019ailleurs pour cette raison que <strong>Nathaniel<br \/>\nJohnson<\/strong>, professeur de nutrition \u00e0 l\u2019Universit\u00e9 de North<br \/>\nDakota aux \u00c9tats-Unis met en garde dans un article qu&rsquo;il signe pour<br \/>\n<a href=\"https:\/\/theconversation.com\/worried-about-the-health-effects-of-the-sugar-in-your-breakfast-cereal-little-has-changed-since-the-days-of-unfrosted-the-pop-tarts-movie-233633\" target=\"_blank\" rel=\"nofollow noopener\">The<br \/>\nConversation<\/a> contre les risques li\u00e9s \u00e0 la consommation<br \/>\nd\u2019un aliment tr\u00e8s appr\u00e9ci\u00e9 au petit-d\u00e9jeuner. Il s\u2019agit des<br \/>\n<strong>c\u00e9r\u00e9ales sucr\u00e9es industrielles<\/strong>. Souvent mis en<br \/>\navant comme des options \u201csaines\u201d, ils contiennent en<br \/>\nr\u00e9alit\u00e9 <a href=\"https:\/\/www.grazia.fr\/beaute\/forme-minceur\/a-eviter-avant-10-heures-du-matin-voici-la-bombe-de-sucre-insoupconnee-qui-detruit-votre-sante-intestinale-1179134.html\" target=\"_blank\" rel=\"noopener\"><br \/>\ndes quantit\u00e9s alarmantes de sucre<\/a>.<\/p>\n<p>\u00ab\u00a010 \u00e0 14 grammes de sucre ajout\u00e9\u00a0\u00bb<\/p>\n<p>Nathaniel Johnson souligne que, m\u00eame si la teneur en sucre des<br \/>\nc\u00e9r\u00e9ales de petit-d\u00e9jeuner a diminu\u00e9 ces derni\u00e8res ann\u00e9es, de<br \/>\nnombreuses marques contiennent encore plus de <strong>30 % de sucre<br \/>\nen poids<\/strong>. Selon lui, les c\u00e9r\u00e9ales sont carr\u00e9ment<br \/>\n\u00e9quivalentes \u00e0 \u201cdeux p\u00e2tisseries\u201d en termes de calories et de<br \/>\nsucre.\u00a0<\/p>\n<p>\u00ab\u00a0La prochaine fois que vous irez au rayon des c\u00e9r\u00e9ales,<br \/>\nprenez quelques minutes pour regarder la teneur en sucre de vos<br \/>\nmarques pr\u00e9f\u00e9r\u00e9es, en particulier celles que vous aimiez quand vous<br \/>\n\u00e9tiez enfant. La plupart de ces c\u00e9r\u00e9ales contiennent de 10 \u00e0 14<br \/>\ngrammes de sucre ajout\u00e9 par portion, et certaines en contiennent<br \/>\ndavantage que deux p\u00e2tisseries\u00a0\u00bb, alerte-t-il.\u00a0<\/p>\n<p>Pourquoi il faut faire attention aux c\u00e9r\u00e9ales industrielles<br \/>\n?<\/p>\n<p>L\u2019expert tient surtout \u00e0 tirer la sonnette d\u2019alarme concernant<br \/>\nles fameux sucres ajout\u00e9s qui sont en fait des<br \/>\n\u00ab\u00a0<strong>calories vides<\/strong>\u00ab\u00a0, d\u00e9pourvues de<br \/>\nnutriments, ajout\u00e9s aux produits industriels pour am\u00e9liorer leur<br \/>\ngo\u00fbt. Contrairement aux sucres naturels pr\u00e9sents dans les fruits et<br \/>\nautres aliments entiers, les sucres ajout\u00e9s peuvent avoir des<br \/>\neffets d\u00e9l\u00e9t\u00e8res sur la sant\u00e9. Selon l&rsquo;OMS, les sucres ajout\u00e9s ne<br \/>\ndevraient pas repr\u00e9senter plus de 5 % des calories ing\u00e9r\u00e9es<br \/>\nquotidiennement. \u00ab\u00a0Mangez une portion de c\u00e9r\u00e9ales contenant 14<br \/>\ngrammes de sucre et vous aurez presque atteint 30 % de la limite<br \/>\nquotidienne\u00a0\u00bb, remarque Nathaniel Johnson.<\/p>\n<blockquote class=\"instagram-media\" style=\"background: #ffffff;border: 0;margin: 1px;width: 100%;padding: 0;max-width: 500px;\" data-instgrm-permalink=\"https:\/\/www.instagram.com\/p\/DNZ_C9gstDz\/\" data-instgrm-version=\"14\"\/>\n<p>Aussi, les c\u00e9r\u00e9ales sucr\u00e9es peuvent <a href=\"https:\/\/www.grazia.fr\/beaute\/forme-minceur\/fruits-privilegier-diabetique-reguler-glycemie-ceux-limiter-selon-medecins-1180111.html\" target=\"_blank\" rel=\"noopener\"><br \/>\nnuire \u00e0 la sant\u00e9 \u00e0 cause de leur index glyc\u00e9mique \u00e9lev\u00e9<\/a>, ce qui<br \/>\nentra\u00eene une augmentation rapide du taux de sucre dans le sang.<br \/>\nCela peut provoquer une hausse de l&rsquo;insuline, <strong>augmenter la<br \/>\nfaim<\/strong> et conduire \u00e0 des taux de lipides sanguins plus<br \/>\n\u00e9lev\u00e9s. Ces facteurs augmentent le risque de <a href=\"https:\/\/www.grazia.fr\/beaute\/forme-minceur\/combien-tasses-the-boire-jour-reduire-risque-diabete-selon-etude-1153367.html\" target=\"_blank\" rel=\"noopener\"><br \/>\nd\u00e9velopper des maladies cardiaques et du diab\u00e8te de type<br \/>\n2<\/a>.\u00a0<\/p>\n<p>L&rsquo;importance de lire les<br \/>\n\u00e9tiquettes<\/p>\n<p>Pour \u00e9viter les pi\u00e8ges des sucres ajout\u00e9s, il est crucial de<br \/>\nlire attentivement les \u00e9tiquettes des produits. Les sucres ajout\u00e9s<br \/>\npeuvent \u00eatre list\u00e9s sous divers noms et formes, telles que la<br \/>\nm\u00e9lasse, le miel, la confiture, le jus concentr\u00e9 ou le sirop.<br \/>\nReconna\u00eetre ces ingr\u00e9dients peut aider \u00e0 faire des choix<br \/>\nalimentaires plus sains. Il est \u00e9galement important de comprendre<br \/>\nla diff\u00e9rence entre <strong>la taille des portions<\/strong><br \/>\nindiqu\u00e9e sur les \u00e9tiquettes et la quantit\u00e9 que l&rsquo;on consomme<br \/>\nr\u00e9ellement. La portion sugg\u00e9r\u00e9e sur l&rsquo;\u00e9tiquette de valeur nutritive<br \/>\npeut souvent \u00eatre beaucoup plus petite que la quantit\u00e9 que vous<br \/>\nservez, ce qui peut entra\u00eener une consommation excessive de sucre<br \/>\net de calories sans s&rsquo;en rendre compte.\u00a0<\/p>\n<p><script async src=\"\/\/www.instagram.com\/embed.js\"><\/script><\/p>\n","protected":false},"excerpt":{"rendered":"Pour atteindre ses objectifs minceur, l\u00a0\u00bbalimentation joue un r\u00f4le crucial. La perte de poids d\u00e9pend en effet majoritairement&hellip;\n","protected":false},"author":2,"featured_media":638897,"comment_status":"","ping_status":"","sticky":false,"template":"","format":"standard","meta":{"footnotes":""},"categories":[10],"tags":[1011,27,72,6055,71],"class_list":{"0":"post-638896","1":"post","2":"type-post","3":"status-publish","4":"format-standard","5":"has-post-thumbnail","7":"category-sante","8":"tag-fr","9":"tag-france","10":"tag-health","11":"tag-republishing","12":"tag-sante"},"share_on_mastodon":{"url":"https:\/\/pubeurope.com\/@fr\/115832786983763014","error":""},"_links":{"self":[{"href":"https:\/\/www.europesays.com\/fr\/wp-json\/wp\/v2\/posts\/638896","targetHints":{"allow":["GET"]}}],"collection":[{"href":"https:\/\/www.europesays.com\/fr\/wp-json\/wp\/v2\/posts"}],"about":[{"href":"https:\/\/www.europesays.com\/fr\/wp-json\/wp\/v2\/types\/post"}],"author":[{"embeddable":true,"href":"https:\/\/www.europesays.com\/fr\/wp-json\/wp\/v2\/users\/2"}],"replies":[{"embeddable":true,"href":"https:\/\/www.europesays.com\/fr\/wp-json\/wp\/v2\/comments?post=638896"}],"version-history":[{"count":0,"href":"https:\/\/www.europesays.com\/fr\/wp-json\/wp\/v2\/posts\/638896\/revisions"}],"wp:featuredmedia":[{"embeddable":true,"href":"https:\/\/www.europesays.com\/fr\/wp-json\/wp\/v2\/media\/638897"}],"wp:attachment":[{"href":"https:\/\/www.europesays.com\/fr\/wp-json\/wp\/v2\/media?parent=638896"}],"wp:term":[{"taxonomy":"category","embeddable":true,"href":"https:\/\/www.europesays.com\/fr\/wp-json\/wp\/v2\/categories?post=638896"},{"taxonomy":"post_tag","embeddable":true,"href":"https:\/\/www.europesays.com\/fr\/wp-json\/wp\/v2\/tags?post=638896"}],"curies":[{"name":"wp","href":"https:\/\/api.w.org\/{rel}","templated":true}]}}