{"id":638905,"date":"2026-01-03T19:24:12","date_gmt":"2026-01-03T19:24:12","guid":{"rendered":"https:\/\/www.europesays.com\/fr\/638905\/"},"modified":"2026-01-03T19:24:12","modified_gmt":"2026-01-03T19:24:12","slug":"trump-a-ordonne-plus-de-frappes-en-un-an-que-biden-en-quatre","status":"publish","type":"post","link":"https:\/\/www.europesays.com\/fr\/638905\/","title":{"rendered":"Trump a ordonn\u00e9 plus de frappes en un an que Biden en quatre"},"content":{"rendered":"<dl class=\"post-meta-box flex flex-wrap items-top border-grey-lighter border-b post-meta relative z-20\">&#13;<br \/>\n                                    &#13;<br \/>\n                                    &#13;<br \/>\n                                    &#13;<\/p>\n<dt class=\"inline-block py-1 leading-5 w-1\/5 sm:1\/6 xl:w-3\/10 flex items-top font-sans text-3xs text-grey tracking-wider uppercase border-grey-lighter border-t\">&#13;<br \/>\n                                      Date                                    <\/dt>\n<p>&#13;<\/p>\n<dd class=\"inline-block w-4\/5 sm:5\/6 xl:w-7\/10 pl-1u lg:pl-0 flex-grow  py-1 font-sans text-xs leading-5 border-grey-lighter border-t\">&#13;<br \/>\n                                      &#13;<br \/>\n                                        3 janvier 2026                                      &#13;\n                                    <\/dd>\n<p>&#13;\n                                  <\/dl>\n<p>  Ajouter<br \/>\n  Article ajout\u00e9<\/p>\n<p>  T\u00e9l\u00e9charger le PDF<br \/>\n  En cours<\/p>\n<dl class=\"post-meta-box flex flex-wrap items-top border-grey-lighter border-b post-meta relative z-20 mt-4\">&#13;<\/p>\n<dt class=\"partager inline-block py-1 leading-5 w-1\/5 sm:1\/6 xl:w-3\/10 flex items-top font-sans text-3xs text-grey tracking-wider uppercase border-grey-lighter border-t\">&#13;<br \/>\n                                      Partager                                    <\/dt>\n<p>&#13;<\/p>\n<dd class=\"partager inline-block w-4\/5 sm:5\/6 xl:w-7\/10 pl-1u lg:pl-0 flex-grow  py-1 font-sans text-xs leading-5 border-grey-lighter border-t\">&#13;<br \/>\n                                      <a target=\"_blank\" data-social=\"twitter\" class=\"text-red no-underline inline-block w-4 h-4 mr-2\" href=\"https:\/\/twitter.com\/intent\/tweet\/?text=Donald+Trump+a+ordonn%C3%A9+plus+de+frappes+en+un+an+que+Biden+au+cours+de+ses+quatre+ann%C3%A9es+de+mandat&amp;url=https%3A%2F%2Flegrandcontinent.eu%2Ffr%2F2026%2F01%2F03%2Fdonald-trump-a-ordonne-plus-de-frappes-en-un-an-que-biden-au-cours-de-ses-quatre-annees-de-mandat%2F\" rel=\"noopener\">&#13;<br \/>\n                                          &#13;<br \/>\n                                        <\/a>&#13;<br \/>\n                                      <a target=\"_blank\" data-social=\"facebook\" class=\"text-red no-underline inline-block w-4 h-4 mr-2\" href=\"https:\/\/facebook.com\/sharer\/sharer.php?u=https%3A%2F%2Flegrandcontinent.eu%2Ffr%2F2026%2F01%2F03%2Fdonald-trump-a-ordonne-plus-de-frappes-en-un-an-que-biden-au-cours-de-ses-quatre-annees-de-mandat%2F\" rel=\"noopener\">&#13;<br \/>\n                                          &#13;<br \/>\n                                        <\/a>&#13;<br \/>\n                                      <a target=\"_blank\" data-social=\"linkedin\" class=\"text-red no-underline inline-block w-4 h-4 mr-2\" href=\"https:\/\/www.linkedin.com\/shareArticle?title=Donald+Trump+a+ordonn%C3%A9+plus+de+frappes+en+un+an+que+Biden+au+cours+de+ses+quatre+ann%C3%A9es+de+mandat&amp;url=https%3A%2F%2Flegrandcontinent.eu%2Ffr%2F2026%2F01%2F03%2Fdonald-trump-a-ordonne-plus-de-frappes-en-un-an-que-biden-au-cours-de-ses-quatre-annees-de-mandat%2F\" rel=\"noopener\">&#13;<br \/>\n                                          &#13;<br \/>\n                                        <\/a>&#13;<br \/>\n&#13;<br \/>\n&#13;\n                                    <\/dd>\n<p>&#13;<br \/>\n                                    &#13;\n                                  <\/dl>\n<p>Avant <a href=\"https:\/\/legrandcontinent.eu\/fr\/2026\/01\/03\/les-etats-unis-ont-lance-une-operation-militaire-speciale-au-venezuela-maduro-capture\/\" target=\"_blank\" rel=\"noopener\">l\u2019op\u00e9ration militaire lanc\u00e9e contre le r\u00e9gime de Nicol\u00e1s Maduro au Venezuela<\/a>, le 3 janvier 2026, Donald Trump avait ordonn\u00e9 au moins 637 frappes a\u00e9riennes depuis son retour au pouvoir, entre le 20 janvier 2025 et le 8 d\u00e9cembre, selon les donn\u00e9es compil\u00e9es par l\u2019Armed Conflict Location &amp; Event Data (ACLED), une ONG am\u00e9ricaine.<\/p>\n<p>En \u00e0 peine un an, Trump a ainsi lanc\u00e9 plus de frappes de drones et de missiles que son pr\u00e9d\u00e9cesseur, Joe Biden, au cours de ses quatre ann\u00e9es de mandat (555)\u00a0.<\/p>\n<ul class=\"wp-block-list\">\n<li>La majeure partie (500) des frappes am\u00e9ricaines en 2025 visaient le Y\u00e9men, dans le cadre de l\u2019op\u00e9ration Rough Rider lanc\u00e9e au mois de mars contre les Houthis.<\/li>\n<li>Viennent ensuite la Somalie avec 110 frappes, le Venezuela (9 frappes), dont plusieurs navires quittant les ports du pays ont \u00e9t\u00e9 vis\u00e9s depuis le d\u00e9but du mois de septembre, ainsi que la Colombie (8 frappes), au large de ses c\u00f4tes.<\/li>\n<li>Avant le lancement de l\u2019op\u00e9ration du 3 janvier et la capture puis l\u2019exfiltration de Maduro dans la matin\u00e9e du 3 janvier, <a href=\"https:\/\/legrandcontinent.eu\/fr\/2025\/12\/30\/trump-confirme-que-les-etats-unis-ont-bombarde-une-cible-au-venezuela\/\" target=\"_blank\" rel=\"noopener\">Trump avait confirm\u00e9 le 26 d\u00e9cembre<\/a> que les \u00c9tats-Unis avaient d\u00e9truit une zone de mise \u00e0 quai au Venezuela, pr\u00e9tendument utilis\u00e9e par des navires impliqu\u00e9s dans du trafic de drogue.<\/li>\n<\/ul>\n<p>L\u2019\u00e9t\u00e9 dernier, \u00e0 la fin du mois de juin, Trump avait ordonn\u00e9 des frappes contre le programme nucl\u00e9aire iranien sur les sites de Fordo, de Natanz et d\u2019Ispahan. Le 19 d\u00e9cembre, Donald Trump a frapp\u00e9 plus de 70 cibles pr\u00e9sum\u00e9es de l\u2019\u00c9tat islamique dans le centre de la Syrie suite \u00e0 la mort de deux soldats am\u00e9ricains et d\u2019un interpr\u00e8te civil am\u00e9ricain lors d\u2019une attaque terroriste. Le 25 d\u00e9cembre, l\u2019arm\u00e9e am\u00e9ricaine a frapp\u00e9 des cibles de Daech au Nigeria.<\/p>\n<ul class=\"wp-block-list\">\n<li>Au cours de son premier mandat, Trump avait \u00e9galement eu recours \u00e0 des frappes de drones et des raids a\u00e9riens \u00e0 un rythme bien plus soutenu que sous les deux administrations Obama.<\/li>\n<li>Dans la nuit du 2 mars 2017, celui-ci avait ordonn\u00e9 25 frappes au Y\u00e9men, soit le nombre le plus \u00e9lev\u00e9 en l\u2019espace de 24 heures dans l\u2019histoire r\u00e9cente des \u00c9tats-Unis, selon le Washington Post\u00a0.<\/li>\n<\/ul>\n<p>Donald Trump se pr\u00e9sente r\u00e9guli\u00e8rement comme un \u00ab\u00a0pr\u00e9sident de la paix\u00a0\u00bb, notamment dans le cadre de son implication visant \u00e0 mettre fin \u00e0 la guerre russe contre l\u2019Ukraine. La \u00ab\u00a0paix arm\u00e9e\u00a0\u00bb (\u00ab\u00a0peace through strength\u00a0\u00bb) revendiqu\u00e9e par le pr\u00e9sident r\u00e9publicain prend toutefois la force d\u2019une militarisation accrue de la politique \u00e9trang\u00e8re am\u00e9ricaine.<\/p>\n<p>                            <script async src=\"https:\/\/platform.twitter.com\/widgets.js\" charset=\"utf-8\"><\/script><\/p>\n","protected":false},"excerpt":{"rendered":"&#13; &#13; &#13; &#13; &#13; Date &#13; &#13; &#13; 3 janvier 2026 &#13; &#13; Ajouter Article ajout\u00e9 T\u00e9l\u00e9charger&hellip;\n","protected":false},"author":2,"featured_media":638906,"comment_status":"","ping_status":"","sticky":false,"template":"","format":"standard","meta":{"footnotes":""},"categories":[5],"tags":[11,1011,27,14,12,28],"class_list":{"0":"post-638905","1":"post","2":"type-post","3":"status-publish","4":"format-standard","5":"has-post-thumbnail","7":"category-international","8":"tag-actualites","9":"tag-fr","10":"tag-france","11":"tag-international","12":"tag-news","13":"tag-world"},"share_on_mastodon":{"url":"https:\/\/pubeurope.com\/@fr\/115832806691782224","error":""},"_links":{"self":[{"href":"https:\/\/www.europesays.com\/fr\/wp-json\/wp\/v2\/posts\/638905","targetHints":{"allow":["GET"]}}],"collection":[{"href":"https:\/\/www.europesays.com\/fr\/wp-json\/wp\/v2\/posts"}],"about":[{"href":"https:\/\/www.europesays.com\/fr\/wp-json\/wp\/v2\/types\/post"}],"author":[{"embeddable":true,"href":"https:\/\/www.europesays.com\/fr\/wp-json\/wp\/v2\/users\/2"}],"replies":[{"embeddable":true,"href":"https:\/\/www.europesays.com\/fr\/wp-json\/wp\/v2\/comments?post=638905"}],"version-history":[{"count":0,"href":"https:\/\/www.europesays.com\/fr\/wp-json\/wp\/v2\/posts\/638905\/revisions"}],"wp:featuredmedia":[{"embeddable":true,"href":"https:\/\/www.europesays.com\/fr\/wp-json\/wp\/v2\/media\/638906"}],"wp:attachment":[{"href":"https:\/\/www.europesays.com\/fr\/wp-json\/wp\/v2\/media?parent=638905"}],"wp:term":[{"taxonomy":"category","embeddable":true,"href":"https:\/\/www.europesays.com\/fr\/wp-json\/wp\/v2\/categories?post=638905"},{"taxonomy":"post_tag","embeddable":true,"href":"https:\/\/www.europesays.com\/fr\/wp-json\/wp\/v2\/tags?post=638905"}],"curies":[{"name":"wp","href":"https:\/\/api.w.org\/{rel}","templated":true}]}}