{"id":638911,"date":"2026-01-03T19:27:11","date_gmt":"2026-01-03T19:27:11","guid":{"rendered":"https:\/\/www.europesays.com\/fr\/638911\/"},"modified":"2026-01-03T19:27:11","modified_gmt":"2026-01-03T19:27:11","slug":"ce-duo-veut-donner-de-la-visibilite-au-commerce-local","status":"publish","type":"post","link":"https:\/\/www.europesays.com\/fr\/638911\/","title":{"rendered":"ce duo veut donner de la visibilit\u00e9 au commerce local"},"content":{"rendered":"<p>Ils n\u2019ont m\u00eame pas 30 ans et ont cr\u00e9\u00e9 leur agence de communication. La st\u00e9phanoise Grid\u00e9o est \u00e0 leur image. Elle mixe cr\u00e9ativit\u00e9, strat\u00e9gie et grain de folie.<\/p>\n<p>Las de voir une certaine morosit\u00e9 entamer le moral des commer\u00e7ants, des PME et des artisans locaux, Ingrid Guillot et Th\u00e9o Chiroux se lancent en mars\u00a02024 dans l\u2019aventure entrepreneuriale en s\u2019associant en SAS (soci\u00e9t\u00e9 par actions simplifi\u00e9es), apr\u00e8s une \u00e9tude de march\u00e9.<\/p>\n<p>\u00ab\u00a0\u00c0 force de nous balader dans Saint-Etienne, on avait le sentiment que <a href=\"https:\/\/www.leprogres.fr\/economie\/2025\/10\/21\/fermetures-en-cascade-les-commercants-du-centre-ville-entre-resignation-et-volontarisme\" target=\"_blank\" rel=\"noopener\">l\u2019activit\u00e9 commerciale \u00e9tait en train de mourir petit \u00e0 petit<\/a>. En discutant avec les commer\u00e7ants, la plupart nous ont fait remarquer qu\u2019ils manquaient de visibilit\u00e9. Et&#8230;<\/p>\n","protected":false},"excerpt":{"rendered":"Ils n\u2019ont m\u00eame pas 30 ans et ont cr\u00e9\u00e9 leur agence de communication. La st\u00e9phanoise Grid\u00e9o est \u00e0&hellip;\n","protected":false},"author":2,"featured_media":638912,"comment_status":"","ping_status":"","sticky":false,"template":"","format":"standard","meta":{"footnotes":""},"categories":[9653],"tags":[1111,11,2430,4406,33,7539,1777,674,1011,27,12,25,4001,7538],"class_list":{"0":"post-638911","1":"post","2":"type-post","3":"status-publish","4":"format-standard","5":"has-post-thumbnail","7":"category-saint-etienne","8":"tag-actu","9":"tag-actualites","10":"tag-auvergne-rhone-alpes","11":"tag-commerce-et-services","12":"tag-economie","13":"tag-edition-loire-sud","14":"tag-eu","15":"tag-europe","16":"tag-fr","17":"tag-france","18":"tag-news","19":"tag-republique-francaise","20":"tag-saint-etienne","21":"tag-saint-etienne-ville"},"share_on_mastodon":{"url":"https:\/\/pubeurope.com\/@fr\/115832818473493665","error":""},"_links":{"self":[{"href":"https:\/\/www.europesays.com\/fr\/wp-json\/wp\/v2\/posts\/638911","targetHints":{"allow":["GET"]}}],"collection":[{"href":"https:\/\/www.europesays.com\/fr\/wp-json\/wp\/v2\/posts"}],"about":[{"href":"https:\/\/www.europesays.com\/fr\/wp-json\/wp\/v2\/types\/post"}],"author":[{"embeddable":true,"href":"https:\/\/www.europesays.com\/fr\/wp-json\/wp\/v2\/users\/2"}],"replies":[{"embeddable":true,"href":"https:\/\/www.europesays.com\/fr\/wp-json\/wp\/v2\/comments?post=638911"}],"version-history":[{"count":0,"href":"https:\/\/www.europesays.com\/fr\/wp-json\/wp\/v2\/posts\/638911\/revisions"}],"wp:featuredmedia":[{"embeddable":true,"href":"https:\/\/www.europesays.com\/fr\/wp-json\/wp\/v2\/media\/638912"}],"wp:attachment":[{"href":"https:\/\/www.europesays.com\/fr\/wp-json\/wp\/v2\/media?parent=638911"}],"wp:term":[{"taxonomy":"category","embeddable":true,"href":"https:\/\/www.europesays.com\/fr\/wp-json\/wp\/v2\/categories?post=638911"},{"taxonomy":"post_tag","embeddable":true,"href":"https:\/\/www.europesays.com\/fr\/wp-json\/wp\/v2\/tags?post=638911"}],"curies":[{"name":"wp","href":"https:\/\/api.w.org\/{rel}","templated":true}]}}