{"id":638914,"date":"2026-01-03T19:29:12","date_gmt":"2026-01-03T19:29:12","guid":{"rendered":"https:\/\/www.europesays.com\/fr\/638914\/"},"modified":"2026-01-03T19:29:12","modified_gmt":"2026-01-03T19:29:12","slug":"rois-et-reines-eux-aussi","status":"publish","type":"post","link":"https:\/\/www.europesays.com\/fr\/638914\/","title":{"rendered":"rois et reines eux aussi"},"content":{"rendered":"<p>Juliette (1) ne dit pas non \u00e0 une deuxi\u00e8me part. Pour le plaisir gustatif d\u2019une part de galette, offerte, ce qui n\u2019est pas un luxe pour cette quinquag\u00e9naire reconnue en invalidit\u00e9 permanente. Dont les aides sociales la maintiennent \u00e0 peine \u00e0 la surface. \u00ab\u00a0Mais surtout, en ce moment o\u00f9 j\u2019ai en plus plein de probl\u00e8mes de famille, \u00e7a me change les id\u00e9es.\u00a0\u00bb<\/p>\n<p>Et c\u2019est vrai que l\u2019ambiance est cordiale au pied du taureau rouge de G\u00e9 Pellini, en ce samedi apr\u00e8s-midi, place de la R\u00e9publique o\u00f9 se sont retrouv\u00e9s les membres du collectif \u00ab\u00a0Pour Eux\u00a0\u00bb. Ils sont arriv\u00e9s avec les sacs et caddies charg\u00e9s de victuailles, oranges, soupe chaude et une quinzaine de galettes des rois \u00e0 distribuer lors de la \u00ab\u00a0maraude des rois et reines\u00a0\u00bb.<\/p>\n<p>Une op\u00e9ration en faveur des sans-abri de Nancy qu\u2019ils portent depuis trois ans. \u00ab\u00a0Pour cr\u00e9er un moment un peu convivial\u00a0\u00bb, annonce Olivier Pierron en mettant la main aux derniers pr\u00e9paratifs.<\/p>\n<p>  \u00ab\u00a0La gal\u00e8re c\u2019est toute ma vie\u00a0\u00bb<\/p>\n<p>\u00ab\u00a0Et parce que c\u2019est plut\u00f4t chouette de partager la galette avec les gens \u00e0 la rue, \u00e7a a un petit effet madeleine de Proust pour tout le monde.\u00a0\u00bb<\/p>\n<p>Le mot a \u00e9t\u00e9 donn\u00e9, et d\u00e9j\u00e0 une demi-douzaine de b\u00e9n\u00e9ficiaires potentiels se retrouve l\u00e0. Qui pour une \u00e9charpe, qui pour \u00ab\u00a0esp\u00e9rer la f\u00e8ve\u00a0\u00bb. \u00ab\u00a0C\u2019est top\u00a0!\u00a0\u00bb, commente Matt\u00e9o, 32 ans, en avalant sa soupe chaude. \u00ab\u00a0Bon normalement, la galette, c\u2019est en famille\u2026\u00a0\u00bb, soupire-t-il. \u00ab\u00a0Mais quand m\u00eame, c\u2019est cool.\u00a0\u00bb Lui est sorti de prison mi-d\u00e9cembre. \u00ab\u00a0Et depuis, je suis \u00e0 la rue. La gal\u00e8re, c\u2019est toute ma vie.\u00a0\u00bb Et les maraudes, ce qui contribue \u00e0 sa survie.<\/p>\n<p>La petite caravane se dirige ensuite vers l\u2019entr\u00e9e de la gare. D\u2019autres parts sont distribu\u00e9es. Un couple repart avec une galette enti\u00e8re et un sourire jusqu\u2019aux oreilles. Le collectif \u00e9tait bien d\u00e9cid\u00e9 ainsi \u00e0 traverser toute la ville. Aucune \u00e9toile pour les guider. Juste un \u00e9lan du c\u0153ur \u00e0 \u00e9couter.<\/p>\n","protected":false},"excerpt":{"rendered":"Juliette (1) ne dit pas non \u00e0 une deuxi\u00e8me part. Pour le plaisir gustatif d\u2019une part de galette,&hellip;\n","protected":false},"author":2,"featured_media":638915,"comment_status":"","ping_status":"","sticky":false,"template":"","format":"standard","meta":{"footnotes":""},"categories":[9635],"tags":[1111,11,1704,1777,674,1011,27,775,1702,1703,12,25,801,104],"class_list":{"0":"post-638914","1":"post","2":"type-post","3":"status-publish","4":"format-standard","5":"has-post-thumbnail","7":"category-nancy","8":"tag-actu","9":"tag-actualites","10":"tag-edition-nancy-et-agglomeration","11":"tag-eu","12":"tag-europe","13":"tag-fr","14":"tag-france","15":"tag-grand-est","16":"tag-nancy","17":"tag-nancy-ville-54b","18":"tag-news","19":"tag-republique-francaise","20":"tag-social","21":"tag-societe"},"share_on_mastodon":{"url":"https:\/\/pubeurope.com\/@fr\/115832826260121167","error":""},"_links":{"self":[{"href":"https:\/\/www.europesays.com\/fr\/wp-json\/wp\/v2\/posts\/638914","targetHints":{"allow":["GET"]}}],"collection":[{"href":"https:\/\/www.europesays.com\/fr\/wp-json\/wp\/v2\/posts"}],"about":[{"href":"https:\/\/www.europesays.com\/fr\/wp-json\/wp\/v2\/types\/post"}],"author":[{"embeddable":true,"href":"https:\/\/www.europesays.com\/fr\/wp-json\/wp\/v2\/users\/2"}],"replies":[{"embeddable":true,"href":"https:\/\/www.europesays.com\/fr\/wp-json\/wp\/v2\/comments?post=638914"}],"version-history":[{"count":0,"href":"https:\/\/www.europesays.com\/fr\/wp-json\/wp\/v2\/posts\/638914\/revisions"}],"wp:featuredmedia":[{"embeddable":true,"href":"https:\/\/www.europesays.com\/fr\/wp-json\/wp\/v2\/media\/638915"}],"wp:attachment":[{"href":"https:\/\/www.europesays.com\/fr\/wp-json\/wp\/v2\/media?parent=638914"}],"wp:term":[{"taxonomy":"category","embeddable":true,"href":"https:\/\/www.europesays.com\/fr\/wp-json\/wp\/v2\/categories?post=638914"},{"taxonomy":"post_tag","embeddable":true,"href":"https:\/\/www.europesays.com\/fr\/wp-json\/wp\/v2\/tags?post=638914"}],"curies":[{"name":"wp","href":"https:\/\/api.w.org\/{rel}","templated":true}]}}