{"id":63892,"date":"2025-04-30T08:15:09","date_gmt":"2025-04-30T08:15:09","guid":{"rendered":"https:\/\/www.europesays.com\/fr\/63892\/"},"modified":"2025-04-30T08:15:09","modified_gmt":"2025-04-30T08:15:09","slug":"depassee-par-les-evenements-lors-de-son-concert-a-lille-la-chanteuse-reagit","status":"publish","type":"post","link":"https:\/\/www.europesays.com\/fr\/63892\/","title":{"rendered":"d\u00e9pass\u00e9e par les \u00e9v\u00e9nements lors de son concert \u00e0 Lille, la chanteuse r\u00e9agit !"},"content":{"rendered":"<p itemprop=\"description\"><strong>La jeune fille a eu du mal \u00e0 contenir son public&#8230;<\/strong><\/p>\n<p>\t\t\t\t\tH\u00e9l\u00e9na : le d\u00e9but d&rsquo;une tourn\u00e9e plus que prometteuse !\u00a0<\/p>\n<p>Il y a tout juste une semaine, le mercredi 23 avril, <strong>H\u00e9l\u00e9na lan\u00e7ait en grande pompe le d\u00e9but de <a href=\"https:\/\/mradio.fr\/news\/musique\/54585\/helena-en-dit-plus-sur-les-surprises-de-sa-tournee-je-veux-ressentir-le-partage-avec-mon-public\" target=\"_blank\" rel=\"noopener\">sa toute premi\u00e8re tourn\u00e9e en solo \u00e0 Forges-les-Eaux<\/a><\/strong>, en Normandie. Un moment tr\u00e8s attendu pour la jeune fille, qui tr\u00e9pignait d&rsquo;impatience \u00e0 l&rsquo;id\u00e9e de <strong>rencontrer son public<\/strong>. Il faut dire que depuis sa sortie du ch\u00e2teau de Dammarie-les-Lys, H\u00e9l\u00e9na n&rsquo;a pas eu le temps de ch\u00f4mer, entre <a href=\"https:\/\/mradio.fr\/news\/musique\/54615\/helena-retrouvez-les-images-de-son-casting-de-la-star-academy\" target=\"_blank\" rel=\"noopener\"><strong>la tourn\u00e9e avec ses petits camarades de la saison 11 de la Star Academy<\/strong><\/a>, le lancement d&rsquo;<strong>une collection de bijoux \u00e9ph\u00e9m\u00e8res <\/strong>\u00e0 l&rsquo;image des titres de ses morceaux, sans oublier<strong> la sortie de son premier album, \u00ab\u00a0H\u00e9l\u00e9\u00a0\u00bb<\/strong>, disponible depuis le 14 mars dernier.\u00a0<\/p>\n<p>Depuis, <strong>la jeune fille est sur un petit nuage<\/strong>, comme elle l&rsquo;a exprim\u00e9 sur son compte Instagram ce mardi 29 avril.\u00a0<\/p>\n<blockquote><p>&#13;<\/p>\n<p>\u00ab\u00a0Quelle \u00e9motion de vous retrouver enfin, de partager ces moments avec vous, de sentir toute cette \u00e9nergie et cet amour.\u00a0Merci \u00e0 tous ceux qui sont venus chanter, rire, crier, pleurer, danser\u2026 Vous avez rendu ces premiers concerts inoubliables.\u00a0\u00bb &#8211; H\u00e9l\u00e9na<\/p>\n<p>&#13;\n<\/p><\/blockquote>\n<blockquote class=\"instagram-media\" style=\"background: #FFF; border: 0; border-radius: 3px; box-shadow: 0 0 1px 0 rgba(0,0,0,0.5),0 1px 10px 0 rgba(0,0,0,0.15); margin: 1px; max-width: 540px; min-width: 326px; padding: 0; width: calc(100% - 2px);\" data-instgrm-captioned=\"\" data-instgrm-permalink=\"https:\/\/www.instagram.com\/p\/DJCaPc-oiI2\/?utm_source=ig_embed&amp;utm_campaign=loading\" data-instgrm-version=\"14\"><p>&#13;<br \/>\n&#13;\n<\/p><\/blockquote>\n<p>Le public en d\u00e9lire, H\u00e9l\u00e9na ne sait plus o\u00f9 donner de la t\u00eate !<\/p>\n<p>Si la jeune fille se montre impatiente de \u00ab\u00a0continuer cette aventure avec [ses fans] sur les prochaines dates\u00a0\u00bb, <strong>certaines dates s&rsquo;av\u00e8rent plus compliqu\u00e9es que d&rsquo;autres<\/strong>. Ce lundi 28 avril, <a href=\"https:\/\/mradio.fr\/news\/musique\/54553\/helena-charme-tout-le-public-de-l-emission-quotidien-et-notamment-un-celebre-animateur-francais-completement-fan-d-elle\" target=\"_blank\" rel=\"noopener\"><strong>celle qui a s\u00e9duit tout le monde sur le plateau de Quotidien donnait un concert \u00e0 Lille<\/strong><\/a>, enflammant la salle de l&rsquo;Aeronef. Comme \u00e0 son habitude, la jeune fille propose <strong>un petit jeu \u00e0 son public<\/strong> : en plus de ses propres titres, H\u00e9l\u00e9na reprend deux chansons, parmi une liste de titres qu&rsquo;elle propose \u00e0 ses fans. Si l&rsquo;exercice pla\u00eet \u00e0 chaque fois, \u00e0 Lille <strong>l&rsquo;enthousiasme du public \u00e9tait \u00e0 son max <\/strong>!\u00a0<\/p>\n<p>Alors que la chanteuse venait de terminer ses deux reprises initialement pr\u00e9vues, <strong>le public n&rsquo;a pas voulu qu&rsquo;elle s&rsquo;arr\u00eate<\/strong>, insistant toujours plus pour qu&rsquo;H\u00e9l\u00e9na continue. Et elle avait beau dire non avec gentillesse, les fans \u00e9taient toujours plus demandeurs. Si H\u00e9l\u00e9na a tent\u00e9 de r\u00e9sister,<strong> elle a fini par l\u00e2cher prise en souriant<\/strong>, mais en avertissant tout de m\u00eame son public :\u00a0<\/p>\n<blockquote><p>&#13;<\/p>\n<p>\u00ab\u00a0Je vous pr\u00e9viens, et je fais comme ma m\u00e8re l\u00e0, c&rsquo;est la derni\u00e8re ! Non mais vous promettez ! C&rsquo;est la derni\u00e8re\u00a0\u00bb &#8211; H\u00e9l\u00e9na<\/p>\n<p>&#13;\n<\/p><\/blockquote>\n<p>Si la bonne ambiance \u00e9tait de la partie, on se demande cependant <a href=\"https:\/\/mradio.fr\/news\/people\/54670\/helena-raconte-son-experience-traumatisante-avec-des-fans-j-ai-pleure\" target=\"_blank\" rel=\"noopener\"><strong>jusqu&rsquo;o\u00f9 les fans sont pr\u00eats \u00e0 aller<\/strong><\/a> pour faire durer le moment&#8230;\u00a0<\/p>\n<blockquote class=\"tiktok-embed\" style=\"max-width: 605px; min-width: 325px;\" cite=\"https:\/\/www.tiktok.com\/@jenn_cn7\/video\/7498474771227741462\" data-video-id=\"7498474771227741462\"><p>&#13;<br \/>\n<a title=\"@jenn_cn7\" href=\"https:\/\/www.tiktok.com\/@jenn_cn7?refer=embed\" target=\"_blank\" rel=\"noopener\">@jenn_cn7<\/a> Quand H\u00e9l\u00e9na perd le contr\u00f4le et fait 3 covers au lieu d\u2019une \ud83e\udd2d Merci @H\u00e9l\u00e9 \ud83e\udd2d\ud83d\udc96 <a title=\"helenabailly\" href=\"https:\/\/www.tiktok.com\/tag\/helenabailly?refer=embed\" target=\"_blank\" rel=\"noopener\">#HelenaBailly<\/a> <a title=\"heletour\" href=\"https:\/\/www.tiktok.com\/tag\/heletour?refer=embed\" target=\"_blank\" rel=\"noopener\">#HeleTour<\/a> <a title=\"helena\" href=\"https:\/\/www.tiktok.com\/tag\/helena?refer=embed\" target=\"_blank\" rel=\"noopener\">#helena<\/a> <a title=\"lille\" href=\"https:\/\/www.tiktok.com\/tag\/lille?refer=embed\" target=\"_blank\" rel=\"noopener\">#Lille<\/a> <a title=\"aeronef\" href=\"https:\/\/www.tiktok.com\/tag\/aeronef?refer=embed\" target=\"_blank\" rel=\"noopener\">#Aeronef<\/a> <a title=\"\u266c son original - Jenn\u2019\" href=\"https:\/\/www.tiktok.com\/music\/son-original-7498474772298992406?refer=embed\" target=\"_blank\" rel=\"noopener\">\u266c son original &#8211; Jenn\u2019<\/a>&#13;\n<\/p><\/blockquote>\n<p>\t\t\t\t\t\t\t\t\t\t\t\t\t\t\t\t\t\t\t<script async src=\"\/\/www.instagram.com\/embed.js\"><\/script><script async src=\"\/\/www.tiktok.com\/embed.js\"><\/script><\/p>\n","protected":false},"excerpt":{"rendered":"La jeune fille a eu du mal \u00e0 contenir son public&#8230; H\u00e9l\u00e9na : le d\u00e9but d&rsquo;une tourn\u00e9e plus&hellip;\n","protected":false},"author":2,"featured_media":63893,"comment_status":"","ping_status":"","sticky":false,"template":"","format":"standard","meta":{"footnotes":""},"categories":[2815],"tags":[1111,11,3723,2937,1695,1697,1777,674,1011,26,27,811,1307,3722,3724,12,626,3725,1825,25],"class_list":{"0":"post-63892","1":"post","2":"type-post","3":"status-publish","4":"format-standard","5":"has-post-thumbnail","7":"category-lille","8":"tag-actu","9":"tag-actualites","10":"tag-actus","11":"tag-artistes","12":"tag-chanson","13":"tag-concert","14":"tag-eu","15":"tag-europe","16":"tag-fr","17":"tag-francaise","18":"tag-france","19":"tag-hauts-de-france","20":"tag-lille","21":"tag-mradio","22":"tag-musicale","23":"tag-news","24":"tag-paris","25":"tag-podcast","26":"tag-radio","27":"tag-republique-francaise"},"share_on_mastodon":{"url":"https:\/\/pubeurope.com\/@fr\/114425923248995705","error":""},"_links":{"self":[{"href":"https:\/\/www.europesays.com\/fr\/wp-json\/wp\/v2\/posts\/63892","targetHints":{"allow":["GET"]}}],"collection":[{"href":"https:\/\/www.europesays.com\/fr\/wp-json\/wp\/v2\/posts"}],"about":[{"href":"https:\/\/www.europesays.com\/fr\/wp-json\/wp\/v2\/types\/post"}],"author":[{"embeddable":true,"href":"https:\/\/www.europesays.com\/fr\/wp-json\/wp\/v2\/users\/2"}],"replies":[{"embeddable":true,"href":"https:\/\/www.europesays.com\/fr\/wp-json\/wp\/v2\/comments?post=63892"}],"version-history":[{"count":0,"href":"https:\/\/www.europesays.com\/fr\/wp-json\/wp\/v2\/posts\/63892\/revisions"}],"wp:featuredmedia":[{"embeddable":true,"href":"https:\/\/www.europesays.com\/fr\/wp-json\/wp\/v2\/media\/63893"}],"wp:attachment":[{"href":"https:\/\/www.europesays.com\/fr\/wp-json\/wp\/v2\/media?parent=63892"}],"wp:term":[{"taxonomy":"category","embeddable":true,"href":"https:\/\/www.europesays.com\/fr\/wp-json\/wp\/v2\/categories?post=63892"},{"taxonomy":"post_tag","embeddable":true,"href":"https:\/\/www.europesays.com\/fr\/wp-json\/wp\/v2\/tags?post=63892"}],"curies":[{"name":"wp","href":"https:\/\/api.w.org\/{rel}","templated":true}]}}