{"id":638922,"date":"2026-01-03T19:36:17","date_gmt":"2026-01-03T19:36:17","guid":{"rendered":"https:\/\/www.europesays.com\/fr\/638922\/"},"modified":"2026-01-03T19:36:17","modified_gmt":"2026-01-03T19:36:17","slug":"cest-agreable-de-voir-du-monde-dans-la-meme-situation-que-moi-les-repas-chauds-servis-par-les-restos-du-coeur-a-rouen-attirent-beaucoup-de-monde","status":"publish","type":"post","link":"https:\/\/www.europesays.com\/fr\/638922\/","title":{"rendered":"\u00ab\u00a0C&rsquo;est agr\u00e9able de voir du monde dans la m\u00eame situation que moi\u00a0\u00bb. Les repas chauds servis par les Restos du c\u0153ur \u00e0 Rouen attirent beaucoup de monde"},"content":{"rendered":"<p class=\"article__intro\">A Rouen, les Restos du c\u0153ur servent des repas dans leurs locaux le samedi. L&rsquo;occasion pour ceux qui en ont besoin d&rsquo;avoir un repas \u00e9quilibr\u00e9, de retrouver du lien social et d&rsquo;\u00eatre au chaud.<\/p>\n<p>\n      La Quotidienne Soci\u00e9t\u00e9\n    <\/p>\n<p>\n      De la vie quotidienne aux grands enjeux, recevez tous les jours les sujets qui font la soci\u00e9t\u00e9 locale, comme la justice, l\u2019\u00e9ducation, la sant\u00e9 et la famille.\n    <\/p>\n<p>    France T\u00e9l\u00e9visions utilise votre adresse e-mail afin de vous envoyer la newsletter \u00ab\u00a0La Quotidienne Soci\u00e9t\u00e9\u00a0\u00bb. Vous pouvez vous d\u00e9sinscrire \u00e0 tout moment via le lien en bas de cette newsletter. <a target=\"_blank\" href=\"https:\/\/www.francetelevisions.fr\/groupe\/confidentialite\/politique-de-confidentialite\/politique-de-confidentialite-de-france-televisions-6503\" rel=\"noopener\">Notre politique de confidentialit\u00e9<\/a><\/p>\n<p>Chaque semaine, c&rsquo;est la m\u00eame \u00e9quipe de b\u00e9n\u00e9voles aux fourneaux. Le menu, lui, en revanche, \u00e9volue en fonction des dons que les Restos du c\u0153ur re\u00e7oivent et de la ramasse, c&rsquo;est-\u00e0-dire des invendus r\u00e9cup\u00e9r\u00e9s aupr\u00e8s des magasins et des grandes surfaces.<\/p>\n<p><a data-article-figure=\"\" href=\"https:\/\/france3-regions.franceinfo.fr\/image\/zrrIlAIlTdpyWy4faQBJsDFxH2o\/1920x1080\/regions\/2026\/01\/03\/benevoles-6959537a26db0249922198.jpg\" data-pswp-width=\"1920\" data-pswp-height=\"1080\" target=\"_blank\" rel=\"noopener\"><\/p>\n<p>          <img width=\"600\" height=\"400\" class=\"article-image lazy\" data-src=\"https:\/\/www.europesays.com\/fr\/wp-content\/uploads\/2026\/01\/benevoles-6959537a26db0249922198.jpg\" alt=\"En cuisine, les b\u00e9n\u00e9voles des Restos du coeur s'affairent pour pr\u00e9parer un repas chaud\" fetchpriority=\"high\" as=\"image\"\/><\/p>\n<p>\n            En cuisine, les b\u00e9n\u00e9voles des Restos du coeur s&rsquo;affairent pour pr\u00e9parer un repas chaud<br \/>\n                           \u2022<br \/>\n                                      \u00a9 FTV\n                      <\/p>\n<p><\/a><\/p>\n<p>Ce samedi de janvier, alors que le thermom\u00e8tre affiche \u00e0 peine 4 degr\u00e9s dehors, \u00e0 l&rsquo;int\u00e9rieur des locaux des Restos du c\u0153ur de Rouen (Seine-Maritime) : \u00a0il y a des entr\u00e9es vari\u00e9es, du poulet \u00e0 la cr\u00e8me, du poisson pan\u00e9, des cordons bleus, du gratin dauphinois et de la pur\u00e9e. Et comme nous ne sommes pas tr\u00e8s loin des f\u00eates de fin d&rsquo;ann\u00e9es, quelques tourteaux ravissent les b\u00e9n\u00e9ficiaires.<\/p>\n<p><a data-article-figure=\"\" href=\"https:\/\/france3-regions.franceinfo.fr\/image\/0HHBQD4Cnk71Nr7SDmGasWTIBAw\/1920x1080\/regions\/2026\/01\/03\/repas-convivial-6959539a8d634395645512.jpg\" data-pswp-width=\"1920\" data-pswp-height=\"1080\" target=\"_blank\" rel=\"noopener\"><\/p>\n<p>          <img width=\"600\" height=\"400\" class=\"article-image lazy\" data-src=\"https:\/\/www.europesays.com\/fr\/wp-content\/uploads\/2026\/01\/repas-convivial-6959539a8d634395645512.jpg\" alt=\"Un repas mais aussi un temps d'\u00e9change\" fetchpriority=\"high\" as=\"image\"\/><\/p>\n<p>\n            Un repas mais aussi un temps d&rsquo;\u00e9change<br \/>\n                           \u2022<br \/>\n                                      \u00a9 FTV\n                      <\/p>\n<p><\/a><\/p>\n<p>Cette vari\u00e9t\u00e9 dans les plats, les entr\u00e9es et les desserts propos\u00e9s, Fr\u00e9d\u00e9ric Lesueur y tient. Il est l&rsquo;un des b\u00e9n\u00e9voles des Restos du c\u0153ur qui s&rsquo;activent en cuisine tous les samedis. \u00ab\u00a0On essaie de faire une dizaine d&rsquo;entr\u00e9es diff\u00e9rentes, trois plats de r\u00e9sistance et deux accompagnements diff\u00e9rents. Ce n&rsquo;est pas parce que nous servons des gens qui sont \u00e0 la rue qu&rsquo;ils n&rsquo;ont pas le droit d&rsquo;avoir du choix. On n&rsquo;est pas l\u00e0 pour faire des p\u00e2tes au jambon. On est l\u00e0 pour essayer de faire des produits un peu plus raffin\u00e9s. Pour leur proposer quelque chose d&rsquo;agr\u00e9able\u00a0\u00bb.<\/p>\n<p>L&rsquo;objectif au-del\u00e0 du repas est aussi de leur permettre d&rsquo;avoir un temps convivial avec d&rsquo;autres.<\/p>\n<p>Licenci\u00e9e \u00e9conomique, Malika touche 800 euros par mois. Elle fait partie des habitu\u00e9es de cette distribution du samedi. Elle appr\u00e9cie l&rsquo;accueil qu&rsquo;elle trouve ici. \u00ab\u00a0Tout le monde est charmant : les cuisiniers, les serveurs. Ils font vraiment de la bonne cuisine. J&rsquo;appr\u00e9cie de bien manger et c&rsquo;est agr\u00e9able de voir du monde, de c\u00f4toyer des gens qui sont dans la m\u00eame situation que moi\u00a0\u00bb.<\/p>\n<p>Pour Bruno, 53 ans, c&rsquo;est aussi un plaisir de venir ici : \u00ab\u00a0On est au chaud, on mange un bon petit bout. C&rsquo;est agr\u00e9able\u00a0\u00bb. Plus jeune, Yanis, 28 ans, appr\u00e9cie la communion avec les autres: \u00ab\u00a0On peut discuter. Quand on est dehors, qu&rsquo;il fait froid et qu&rsquo;on attend que la distribution des Restos d\u00e9bute, c&rsquo;est plus difficile. Ici, c&rsquo;est pratique\u00a0\u00bb.<\/p>\n<p><a data-article-figure=\"\" href=\"https:\/\/france3-regions.franceinfo.fr\/image\/S7gLk-Dv84fStQISWLW1O6N8PNc\/1920x1080\/regions\/2026\/01\/03\/repas-asssi-695953c876928531298057.jpg\" data-pswp-width=\"1920\" data-pswp-height=\"1080\" target=\"_blank\" rel=\"noopener\"><\/p>\n<p>          <img width=\"600\" height=\"400\" class=\"article-image lazy\" data-src=\"https:\/\/www.europesays.com\/fr\/wp-content\/uploads\/2026\/01\/repas-asssi-695953c876928531298057.jpg\" alt=\"Apr\u00e8s les f\u00eates de fin d'ann\u00e9e, quelques tourteaux ont \u00e9gay\u00e9 le repas\" fetchpriority=\"high\" as=\"image\"\/><\/p>\n<p>\n            Apr\u00e8s les f\u00eates de fin d&rsquo;ann\u00e9e, quelques tourteaux ont \u00e9gay\u00e9 le repas<br \/>\n                           \u2022<br \/>\n                                      \u00a9 FTV\n                      <\/p>\n<p><\/a><\/p>\n<p>Chaque samedi, pr\u00e8s de 120 personnes sont re\u00e7ues ici. Les profils sont de plus en plus vari\u00e9s. \u00ab\u00a0Cela va du retrait\u00e9, \u00e0 la femme\u00a0 seule avec ses enfants, \u00e0 \u00a0la personne qui vit dans la rue, \u00e0 l&rsquo;\u00e9tudiant, au travailleur pauvre qui vit dans sa voiture. C&rsquo;est un public tr\u00e8s vari\u00e9. Toutes les cat\u00e9gories sont touch\u00e9es par rapport \u00e0 il y a dix ans, o\u00f9 nous avions essentiellement des hommes\u00a0\u00bb nous confie Fr\u00e9d\u00e9ric Lesueur, le b\u00e9n\u00e9vole.<\/p>\n<p>Si ce repas chaud est tr\u00e8s appr\u00e9ci\u00e9 en ce mois de janvier plut\u00f4t froid, les Restos du C\u0153ur le proposent tout au long de l&rsquo;ann\u00e9e. Il est ouvert \u00e0 tous, 57 rue Desseaux \u00e0 Rouen.<\/p>\n","protected":false},"excerpt":{"rendered":"A Rouen, les Restos du c\u0153ur servent des repas dans leurs locaux le samedi. L&rsquo;occasion pour ceux qui&hellip;\n","protected":false},"author":2,"featured_media":638923,"comment_status":"","ping_status":"","sticky":false,"template":"","format":"standard","meta":{"footnotes":""},"categories":[9587],"tags":[1111,11,1777,674,1011,27,12,5161,25,9590],"class_list":{"0":"post-638922","1":"post","2":"type-post","3":"status-publish","4":"format-standard","5":"has-post-thumbnail","7":"category-rouen","8":"tag-actu","9":"tag-actualites","10":"tag-eu","11":"tag-europe","12":"tag-fr","13":"tag-france","14":"tag-news","15":"tag-normandie","16":"tag-republique-francaise","17":"tag-rouen"},"share_on_mastodon":{"url":"https:\/\/pubeurope.com\/@fr\/115832853821882710","error":""},"_links":{"self":[{"href":"https:\/\/www.europesays.com\/fr\/wp-json\/wp\/v2\/posts\/638922","targetHints":{"allow":["GET"]}}],"collection":[{"href":"https:\/\/www.europesays.com\/fr\/wp-json\/wp\/v2\/posts"}],"about":[{"href":"https:\/\/www.europesays.com\/fr\/wp-json\/wp\/v2\/types\/post"}],"author":[{"embeddable":true,"href":"https:\/\/www.europesays.com\/fr\/wp-json\/wp\/v2\/users\/2"}],"replies":[{"embeddable":true,"href":"https:\/\/www.europesays.com\/fr\/wp-json\/wp\/v2\/comments?post=638922"}],"version-history":[{"count":0,"href":"https:\/\/www.europesays.com\/fr\/wp-json\/wp\/v2\/posts\/638922\/revisions"}],"wp:featuredmedia":[{"embeddable":true,"href":"https:\/\/www.europesays.com\/fr\/wp-json\/wp\/v2\/media\/638923"}],"wp:attachment":[{"href":"https:\/\/www.europesays.com\/fr\/wp-json\/wp\/v2\/media?parent=638922"}],"wp:term":[{"taxonomy":"category","embeddable":true,"href":"https:\/\/www.europesays.com\/fr\/wp-json\/wp\/v2\/categories?post=638922"},{"taxonomy":"post_tag","embeddable":true,"href":"https:\/\/www.europesays.com\/fr\/wp-json\/wp\/v2\/tags?post=638922"}],"curies":[{"name":"wp","href":"https:\/\/api.w.org\/{rel}","templated":true}]}}