{"id":638926,"date":"2026-01-03T19:38:30","date_gmt":"2026-01-03T19:38:30","guid":{"rendered":"https:\/\/www.europesays.com\/fr\/638926\/"},"modified":"2026-01-03T19:38:30","modified_gmt":"2026-01-03T19:38:30","slug":"ces-2026-11-start-up-iseroises-a-lassaut-de-las-vegas","status":"publish","type":"post","link":"https:\/\/www.europesays.com\/fr\/638926\/","title":{"rendered":"CES 2026 : 11 start-up is\u00e9roises \u00e0 l\u2019assaut de Las Vegas"},"content":{"rendered":"<p>03\/01\/2026 &#8211; 10:00<\/p>\n<p>\t\t\t\t\t\t\t\t&#13;<br \/>\n&#13;<br \/>\n&#13;<br \/>\n&#13;<br \/>\n&#13;<\/p>\n<p>Le CES 2026, grand rendez-vous mondial de l\u2019innovation, mettra une nouvelle fois l\u2019Is\u00e8re \u00e0 l\u2019honneur. Parmi les 35 start-up accompagn\u00e9es par la R\u00e9gion Auvergne-Rh\u00f4ne-Alpes, 11 entreprises is\u00e9roises repr\u00e9senteront le territoire \u00e0 Las Vegas, <strong>du 6 au 9 janvier,<\/strong> dans des secteurs cl\u00e9s comme l\u2019intelligence artificielle, la sant\u00e9 ou la mobilit\u00e9 durable.<\/p>\n<p><strong>L\u2019Is\u00e8re bien repr\u00e9sent\u00e9e au CES 2026<\/strong><\/p>\n<p>Pour la 13\u1d49 ann\u00e9e cons\u00e9cutive, la R\u00e9gion Auvergne-Rh\u00f4ne-Alpes accompagne une d\u00e9l\u00e9gation d\u2019entreprises au Consumer Electronics Show (CES). En 2026, <strong>11 start-up is\u00e9roises,<\/strong> principalement issues de l\u2019agglom\u00e9ration grenobloise, exposeront sur le pavillon r\u00e9gional de 300 m\u00b2, aux c\u00f4t\u00e9s de 24 autres jeunes pousses r\u00e9gionales. Ces entreprises illustrent la vitalit\u00e9 du tissu technologique is\u00e9rois, port\u00e9 par un \u00e9cosyst\u00e8me reconnu m\u00ealant p\u00f4les de comp\u00e9titivit\u00e9, laboratoires de recherche et acteurs industriels.<\/p>\n<p><strong>IA, sant\u00e9 et mobilit\u00e9 au c\u0153ur des innovations<\/strong><\/p>\n<p>Parmi les entreprises is\u00e9roises s\u00e9lectionn\u00e9es figurent notamment <strong>MountAIn<\/strong> (Meylan), distingu\u00e9e par un CES Innovation Award pour sa solution Edge AI, <strong>Dolphin Semiconductor<\/strong> (Meylan) dans les semi-conducteurs, <strong>Golana Computing<\/strong> (Grenoble) pour le monitoring industriel, ou encore <strong>ZCE<\/strong> (Grenoble) dans la recharge pour v\u00e9hicules \u00e9lectriques. Sant\u00e9, objets connect\u00e9s, biom\u00e9trie, batteries ou intelligence artificielle : les innovations pr\u00e9sent\u00e9es couvrent des<strong> secteurs strat\u00e9giques<\/strong> pour l\u2019avenir \u00e9conomique du territoire.<\/p>\n<p><strong>Un accompagnement strat\u00e9gique vers l\u2019international<\/strong><\/p>\n<p>Les start-up b\u00e9n\u00e9ficient d\u2019un accompagnement renforc\u00e9 de la R\u00e9gion, du p\u00f4le <strong>Minalogic<\/strong> et de l\u2019Agence Auvergne-Rh\u00f4ne-Alpes Entreprises, afin d\u2019optimiser leur visibilit\u00e9, leur pr\u00e9paration commerciale et leur logistique. Objectif : transformer leur pr\u00e9sence au CES en opportunit\u00e9s concr\u00e8tes de partenariats et de d\u00e9veloppement \u00e0 l\u2019international.<\/p>\n","protected":false},"excerpt":{"rendered":"03\/01\/2026 &#8211; 10:00 &#13; &#13; &#13; &#13; &#13; Le CES 2026, grand rendez-vous mondial de l\u2019innovation, mettra une&hellip;\n","protected":false},"author":2,"featured_media":638927,"comment_status":"","ping_status":"","sticky":false,"template":"","format":"standard","meta":{"footnotes":""},"categories":[9566],"tags":[1111,11,2430,1777,674,1011,27,2731,12,25],"class_list":{"0":"post-638926","1":"post","2":"type-post","3":"status-publish","4":"format-standard","5":"has-post-thumbnail","7":"category-grenoble","8":"tag-actu","9":"tag-actualites","10":"tag-auvergne-rhone-alpes","11":"tag-eu","12":"tag-europe","13":"tag-fr","14":"tag-france","15":"tag-grenoble","16":"tag-news","17":"tag-republique-francaise"},"share_on_mastodon":{"url":"https:\/\/pubeurope.com\/@fr\/115832861670607522","error":""},"_links":{"self":[{"href":"https:\/\/www.europesays.com\/fr\/wp-json\/wp\/v2\/posts\/638926","targetHints":{"allow":["GET"]}}],"collection":[{"href":"https:\/\/www.europesays.com\/fr\/wp-json\/wp\/v2\/posts"}],"about":[{"href":"https:\/\/www.europesays.com\/fr\/wp-json\/wp\/v2\/types\/post"}],"author":[{"embeddable":true,"href":"https:\/\/www.europesays.com\/fr\/wp-json\/wp\/v2\/users\/2"}],"replies":[{"embeddable":true,"href":"https:\/\/www.europesays.com\/fr\/wp-json\/wp\/v2\/comments?post=638926"}],"version-history":[{"count":0,"href":"https:\/\/www.europesays.com\/fr\/wp-json\/wp\/v2\/posts\/638926\/revisions"}],"wp:featuredmedia":[{"embeddable":true,"href":"https:\/\/www.europesays.com\/fr\/wp-json\/wp\/v2\/media\/638927"}],"wp:attachment":[{"href":"https:\/\/www.europesays.com\/fr\/wp-json\/wp\/v2\/media?parent=638926"}],"wp:term":[{"taxonomy":"category","embeddable":true,"href":"https:\/\/www.europesays.com\/fr\/wp-json\/wp\/v2\/categories?post=638926"},{"taxonomy":"post_tag","embeddable":true,"href":"https:\/\/www.europesays.com\/fr\/wp-json\/wp\/v2\/tags?post=638926"}],"curies":[{"name":"wp","href":"https:\/\/api.w.org\/{rel}","templated":true}]}}