{"id":638932,"date":"2026-01-03T19:42:20","date_gmt":"2026-01-03T19:42:20","guid":{"rendered":"https:\/\/www.europesays.com\/fr\/638932\/"},"modified":"2026-01-03T19:42:20","modified_gmt":"2026-01-03T19:42:20","slug":"schiltigheim-gravement-blesse-par-arme-blanche-le-tchetchene-de-37-ans-pourrait-sen-sortir","status":"publish","type":"post","link":"https:\/\/www.europesays.com\/fr\/638932\/","title":{"rendered":"Schiltigheim. Gravement bless\u00e9 par arme blanche, le Tch\u00e9tch\u00e8ne de 37 ans pourrait s\u2019en sortir"},"content":{"rendered":"<p>Le mardi 30\u00a0d\u00e9cembre, vers 20\u00a0h\u00a040, un homme avait \u00e9t\u00e9 agress\u00e9 \u00e0 l\u2019arme blanche sur la voie publique, rue Victor-Hugo \u00e0 Schiltigheim. Le quartier avait longuement \u00e9t\u00e9 boucl\u00e9.<\/p>\n<p>Le ressortissant tch\u00e9tch\u00e8ne, \u00e2g\u00e9 de 37 ans, avait \u00e9t\u00e9 retrouv\u00e9 \u00e9visc\u00e9r\u00e9 et inanim\u00e9 dans la rue <a href=\"https:\/\/www.dna.fr\/faits-divers-justice\/2025\/12\/31\/un-homme-d-origine-tchetchene-grievement-blesse-par-arme-blanche\" target=\"_blank\" rel=\"noopener\">apr\u00e8s un diff\u00e9rend<\/a> avec un groupe de compatriotes. Des \u00e9clats de voix entre une bande d\u2019une dizaine de personnes avaient \u00e9t\u00e9 entendus par le voisinage.<\/p>\n<p>Selon nos informations, la victime prise en charge en soins intensifs est toujours intub\u00e9e, sa plaie a \u00e9t\u00e9 recousue et elle pourrait sortir de l\u2019h\u00f4pital d\u00e8s la semaine prochaine. Les agresseurs, en fuite apr\u00e8s la rixe, \u00e9taient activement recherch\u00e9s par la police. L\u2019enqu\u00eate, ouverte pour tentative de meurtre, se poursuit et s\u2019orienterait sur la piste d\u2019un affrontement entre deux bandes sur fond de prox\u00e9n\u00e9tisme.<\/p>\n","protected":false},"excerpt":{"rendered":"Le mardi 30\u00a0d\u00e9cembre, vers 20\u00a0h\u00a040, un homme avait \u00e9t\u00e9 agress\u00e9 \u00e0 l\u2019arme blanche sur la voie publique, rue&hellip;\n","protected":false},"author":2,"featured_media":638933,"comment_status":"","ping_status":"","sticky":false,"template":"","format":"standard","meta":{"footnotes":""},"categories":[2820],"tags":[1111,11,2389,2649,271,272,2880,1777,674,274,107,1011,27,775,12,25,5512,640,3265],"class_list":{"0":"post-638932","1":"post","2":"type-post","3":"status-publish","4":"format-standard","5":"has-post-thumbnail","7":"category-strasbourg","8":"tag-actu","9":"tag-actualites","10":"tag-alsace","11":"tag-bas-rhin","12":"tag-crime","13":"tag-delit-et-contravention","14":"tag-edition-strasbourg","15":"tag-eu","16":"tag-europe","17":"tag-faits-divers-justice","18":"tag-fil-info","19":"tag-fr","20":"tag-france","21":"tag-grand-est","22":"tag-news","23":"tag-republique-francaise","24":"tag-schiltigheim","25":"tag-strasbourg","26":"tag-strasbourg-nord"},"share_on_mastodon":{"url":"https:\/\/pubeurope.com\/@fr\/115832877488803314","error":""},"_links":{"self":[{"href":"https:\/\/www.europesays.com\/fr\/wp-json\/wp\/v2\/posts\/638932","targetHints":{"allow":["GET"]}}],"collection":[{"href":"https:\/\/www.europesays.com\/fr\/wp-json\/wp\/v2\/posts"}],"about":[{"href":"https:\/\/www.europesays.com\/fr\/wp-json\/wp\/v2\/types\/post"}],"author":[{"embeddable":true,"href":"https:\/\/www.europesays.com\/fr\/wp-json\/wp\/v2\/users\/2"}],"replies":[{"embeddable":true,"href":"https:\/\/www.europesays.com\/fr\/wp-json\/wp\/v2\/comments?post=638932"}],"version-history":[{"count":0,"href":"https:\/\/www.europesays.com\/fr\/wp-json\/wp\/v2\/posts\/638932\/revisions"}],"wp:featuredmedia":[{"embeddable":true,"href":"https:\/\/www.europesays.com\/fr\/wp-json\/wp\/v2\/media\/638933"}],"wp:attachment":[{"href":"https:\/\/www.europesays.com\/fr\/wp-json\/wp\/v2\/media?parent=638932"}],"wp:term":[{"taxonomy":"category","embeddable":true,"href":"https:\/\/www.europesays.com\/fr\/wp-json\/wp\/v2\/categories?post=638932"},{"taxonomy":"post_tag","embeddable":true,"href":"https:\/\/www.europesays.com\/fr\/wp-json\/wp\/v2\/tags?post=638932"}],"curies":[{"name":"wp","href":"https:\/\/api.w.org\/{rel}","templated":true}]}}