{"id":638934,"date":"2026-01-03T19:43:14","date_gmt":"2026-01-03T19:43:14","guid":{"rendered":"https:\/\/www.europesays.com\/fr\/638934\/"},"modified":"2026-01-03T19:43:14","modified_gmt":"2026-01-03T19:43:14","slug":"un-gros-transfert-et-un-salaire-dement-strasbourg-attaque-lom","status":"publish","type":"post","link":"https:\/\/www.europesays.com\/fr\/638934\/","title":{"rendered":"Un gros transfert et un salaire d\u00e9ment, Strasbourg attaque l\u2019OM"},"content":{"rendered":"<p><b>L\u2019OM tente toujours de prolonger le contrat de son attaquant Robinio Vaz mais Strasbourg s\u2019est immisc\u00e9 dans ce dossier et souhaite concurrencer Marseille pour s\u2019offrir le prometteur attaquant de 19 ans.<\/b><\/p>\n<p>Sous contrat avec l\u2019Olympique de Marseille jusqu\u2019en juin 2028, <a href=\"https:\/\/www.foot01.com\/marseille\/robinio-vaz-veut-plumer-lom-cest-confirme\" target=\"_self\" rel=\"noopener\">Robinio Vaz est l\u2019une des satisfactions<\/a> de la premi\u00e8re partie de la saison. Le buteur de 19 ans a brill\u00e9, principalement dans un r\u00f4le de joker, profitant de la blessure \u00e0 l\u2019\u00e9paule d\u2019Amine Gouiri pour grappiller un temps de jeu important. Efficace en sortie de banc, Robinio Vaz a inscrit 4 buts en Ligue 1, mais sa situation contractuelle pose un probl\u00e8me aux dirigeants marseillais.<\/p>\n<p>Pablo Longoria et Medhi Benatia ont soumis une offre de prolongation \u00e0 Robinio Vaz afin que ce dernier prolonge au-del\u00e0 de juin 2028. Une offre qui n\u2019a pour l\u2019instant pas \u00e9t\u00e9 accept\u00e9e par le clan du Franco-S\u00e9n\u00e9galais, qui profite de sa tr\u00e8s grosse cote sur le march\u00e9 des transferts pour faire grimper les ench\u00e8res afin de tenter d\u2019obtenir le salaire le plus cons\u00e9quent possible pour le joueur. La situation de Robinio Vaz attise les convoitises en Allemagne et en Angleterre\u2026 mais pas uniquement.<\/p>\n<p>Strasbourg et Chelsea \u00e0 fond sur Robinio Vaz ?<\/p>\n<p>Selon le compte sp\u00e9cialis\u00e9 @EditionKrimmeri sur X, Strasbourg a \u00e9galement d\u00e9gain\u00e9. \u00ab\u00a0Robinio Vaz serait dans le viseur du Racing ! Le Racing souhaiterait frapper fort avec une \u00e9norme revalorisation salariale pour convaincre le joueur. De son c\u00f4t\u00e9, l\u2019OM tente de tout faire pour le conserver\u00a0\u00bb explique le compte sp\u00e9cialis\u00e9 sur l\u2019actualit\u00e9 du Racing Club de Strasbourg.<\/p>\n<p>En pleine tourmente avec le probable d\u00e9part de son entra\u00eeneur Liam Rosenior pour Chelsea, le club alsacien n\u2019en oublie pas ses priorit\u00e9s, \u00e0 savoir de recruter de tr\u00e8s jeunes joueurs \u00e0 fort potentiel dans le but de les faire exploser\u2026 et de les vendre (ou de les envoyer chez les Blues). Robinio Vaz serait donc l\u2019une des nouvelles cibles prioritaires de BlueCo et la question est maintenant de savoir si l\u2019OM aura les arguments sportifs et financiers pour convaincre son jeune attaquant de prolonger. Roberto De Zerbi, qui a accord\u00e9 sa confiance \u00e0 l\u2019ancien Sochalien, l\u2019esp\u00e8re de tout coeur.<\/p>\n","protected":false},"excerpt":{"rendered":"L\u2019OM tente toujours de prolonger le contrat de son attaquant Robinio Vaz mais Strasbourg s\u2019est immisc\u00e9 dans ce&hellip;\n","protected":false},"author":2,"featured_media":638935,"comment_status":"","ping_status":"","sticky":false,"template":"","format":"standard","meta":{"footnotes":""},"categories":[2820],"tags":[1111,11,1777,674,1011,27,775,66,1434,12,149,24894,25,640],"class_list":{"0":"post-638934","1":"post","2":"type-post","3":"status-publish","4":"format-standard","5":"has-post-thumbnail","7":"category-strasbourg","8":"tag-actu","9":"tag-actualites","10":"tag-eu","11":"tag-europe","12":"tag-fr","13":"tag-france","14":"tag-grand-est","15":"tag-ligue-1","16":"tag-mercato","17":"tag-news","18":"tag-om","19":"tag-rcsa","20":"tag-republique-francaise","21":"tag-strasbourg"},"share_on_mastodon":{"url":"https:\/\/pubeurope.com\/@fr\/115832881458089794","error":""},"_links":{"self":[{"href":"https:\/\/www.europesays.com\/fr\/wp-json\/wp\/v2\/posts\/638934","targetHints":{"allow":["GET"]}}],"collection":[{"href":"https:\/\/www.europesays.com\/fr\/wp-json\/wp\/v2\/posts"}],"about":[{"href":"https:\/\/www.europesays.com\/fr\/wp-json\/wp\/v2\/types\/post"}],"author":[{"embeddable":true,"href":"https:\/\/www.europesays.com\/fr\/wp-json\/wp\/v2\/users\/2"}],"replies":[{"embeddable":true,"href":"https:\/\/www.europesays.com\/fr\/wp-json\/wp\/v2\/comments?post=638934"}],"version-history":[{"count":0,"href":"https:\/\/www.europesays.com\/fr\/wp-json\/wp\/v2\/posts\/638934\/revisions"}],"wp:featuredmedia":[{"embeddable":true,"href":"https:\/\/www.europesays.com\/fr\/wp-json\/wp\/v2\/media\/638935"}],"wp:attachment":[{"href":"https:\/\/www.europesays.com\/fr\/wp-json\/wp\/v2\/media?parent=638934"}],"wp:term":[{"taxonomy":"category","embeddable":true,"href":"https:\/\/www.europesays.com\/fr\/wp-json\/wp\/v2\/categories?post=638934"},{"taxonomy":"post_tag","embeddable":true,"href":"https:\/\/www.europesays.com\/fr\/wp-json\/wp\/v2\/tags?post=638934"}],"curies":[{"name":"wp","href":"https:\/\/api.w.org\/{rel}","templated":true}]}}