{"id":638936,"date":"2026-01-03T19:44:11","date_gmt":"2026-01-03T19:44:11","guid":{"rendered":"https:\/\/www.europesays.com\/fr\/638936\/"},"modified":"2026-01-03T19:44:11","modified_gmt":"2026-01-03T19:44:11","slug":"travaux-imminents-dans-cet-etonnant-chalet-ukrainien-de-nice-le-loto-du-patrimoine-a-rapporte-une-belle-somme","status":"publish","type":"post","link":"https:\/\/www.europesays.com\/fr\/638936\/","title":{"rendered":"Travaux imminents dans cet \u00e9tonnant chalet ukrainien de Nice, le Loto du patrimoine a rapport\u00e9 une belle somme"},"content":{"rendered":"<p class=\"fs-5 \">L\u2019Isba de Valrose commencera \u00e0 \u00eatre r\u00e9nov\u00e9e d\u00e8s le premier trimestre gr\u00e2ce \u00e0 l\u2019aide de la Mission Patrimoine, qui va d\u00e9bloquer 260.000 euros.<\/p>\n<p class=\"fs-5 \">La Mission Patrimoine pour la sauvegarde du patrimoine en p\u00e9ril, port\u00e9e par St\u00e9phane Bern, d\u00e9ploy\u00e9e par la Fondation du patrimoine et soutenue par le minist\u00e8re de la Culture et FDJ United &#8211; la Fran\u00e7aise des jeux &#8211; \u00e0 travers le Loto du Patrimoine, a en effet d\u00e9voil\u00e9 le montant des aides accord\u00e9es aux six d\u00e9partements de la r\u00e9gion Provence-Alpes-C\u00f4te d\u2019Azur s\u00e9lectionn\u00e9s en 2025.<\/p>\n<p class=\"fs-5 \">Des sommes qui viennent compl\u00e9ter les aides publiques ou l\u2019autofinancement pour atteindre la totalit\u00e9 du financement n\u00e9cessaire.<\/p>\n<p class=\"fs-5 \">Concr\u00e8tement, l\u2019Isba de Valrose, <a href=\"https:\/\/www.nicematin.com\/societe\/insolite\/a-nice-cette-batisse-russe-au-passe-rocambolesque-fait-parti\" target=\"_blank\" rel=\"noopener\">ce charmant chalet ukrainien datant de la fin du XIXe si\u00e8cle, nich\u00e9 au c\u0153ur de la facult\u00e9 des Sciences pr\u00e8s de laquelle si\u00e8ge \u00e9galement l\u2019Universit\u00e9 C\u00f4te d\u2019Azur, a besoin d\u2019un bon lifting<\/a>.<\/p>\n<p class=\"fs-5 \">Justifi\u00e9 d\u2019ailleurs, car ce chalet est un tr\u00e8s bel exemple d\u2019habitat traditionnel ukrainien et permet de conserver l\u2019histoire et l\u2019identit\u00e9 du domaine de Valrose. Sa restauration fait partie int\u00e9grante du projet de valorisation qu\u2019a engag\u00e9 l\u2019Universit\u00e9.<\/p>\n<p>                                                                                Trouver encore des fonds<\/p>\n<p class=\"fs-5 \">Oui, mais l\u2019isba, class\u00e9e Monument historique, est en tr\u00e8s mauvais \u00e9tat. Sa restauration s\u2019\u00e9l\u00e8ve \u00e0 un montant total de 844.230 euros.<\/p>\n<p class=\"fs-5 \">La Mission Patrimoine donne donc 260.000 euros auxquels s\u2019ajoutent 200.000 euros consentis par le conseil d\u00e9partemental, 35.000 euros de la Fondation Cr\u00e9dit Agricole et 10.000 euros de la Fondation Bois et For\u00eat.<\/p>\n<p class=\"fs-5 \">Ce qui fait un total de 505.000 euros. Il manque encore 339.230 euros.<\/p>\n<p class=\"fs-5 \">\u00ab La diff\u00e9rence est assez importante, reconna\u00eet Jacques Joncour, d\u00e9l\u00e9gu\u00e9 des Alpes-Maritimes de la Fondation du patrimoine. Voil\u00e0 pourquoi <a href=\"https:\/\/www.nicematin.com\/societe\/installe-a-nice-il-y-a-150-ans-ce-joyau-ukrainien-niche-dans-le-parc-de-la-fac-valrose-a-besoin-de-vous-10656284\" target=\"_blank\" rel=\"noopener\">la Fondation du Patrimoine a lanc\u00e9, d\u00e8s d\u00e9but novembre, un appel aux dons toujours d\u2019actualit\u00e9<\/a> [1]. Pour le reste, l\u2019Universit\u00e9 C\u00f4te d\u2019Azur va devoir payer. \u00bb<\/p>\n<p class=\"fs-5 \">Il n\u2019emp\u00eache que les 260.000 euros obtenus notamment gr\u00e2ce au Loto du Patrimoine sont un starter pour les travaux, qui commenceront d\u00e8s mars pour s\u2019achever, normalement, en octobre.<\/p>\n<p class=\"fs-5 \">1. Les dons peuvent \u00eatre faits sur <a href=\"https:\/\/www.fondation-patrimoine.org\/les-projets\/isba-du-domaine-de-valrose-a-nice\/103694\" target=\"_blank\" rel=\"nofollow noopener\">F<\/a><a href=\"https:\/\/www.fondation-patrimoine.org\/les-projets\/isba-du-domaine-de-valrose-a-nice\/103694\" target=\"_blank\" rel=\"nofollow noopener\">Fondation-patrimoine.org\/103694<\/a><\/p>\n","protected":false},"excerpt":{"rendered":"L\u2019Isba de Valrose commencera \u00e0 \u00eatre r\u00e9nov\u00e9e d\u00e8s le premier trimestre gr\u00e2ce \u00e0 l\u2019aide de la Mission Patrimoine,&hellip;\n","protected":false},"author":2,"featured_media":638937,"comment_status":"","ping_status":"","sticky":false,"template":"","format":"standard","meta":{"footnotes":""},"categories":[2819],"tags":[1111,11,1777,674,1011,27,12,2401,882,25],"class_list":{"0":"post-638936","1":"post","2":"type-post","3":"status-publish","4":"format-standard","5":"has-post-thumbnail","7":"category-nice","8":"tag-actu","9":"tag-actualites","10":"tag-eu","11":"tag-europe","12":"tag-fr","13":"tag-france","14":"tag-news","15":"tag-nice","16":"tag-provence-alpes-cote-dazur","17":"tag-republique-francaise"},"share_on_mastodon":{"url":"https:\/\/pubeurope.com\/@fr\/115832885306642126","error":""},"_links":{"self":[{"href":"https:\/\/www.europesays.com\/fr\/wp-json\/wp\/v2\/posts\/638936","targetHints":{"allow":["GET"]}}],"collection":[{"href":"https:\/\/www.europesays.com\/fr\/wp-json\/wp\/v2\/posts"}],"about":[{"href":"https:\/\/www.europesays.com\/fr\/wp-json\/wp\/v2\/types\/post"}],"author":[{"embeddable":true,"href":"https:\/\/www.europesays.com\/fr\/wp-json\/wp\/v2\/users\/2"}],"replies":[{"embeddable":true,"href":"https:\/\/www.europesays.com\/fr\/wp-json\/wp\/v2\/comments?post=638936"}],"version-history":[{"count":0,"href":"https:\/\/www.europesays.com\/fr\/wp-json\/wp\/v2\/posts\/638936\/revisions"}],"wp:featuredmedia":[{"embeddable":true,"href":"https:\/\/www.europesays.com\/fr\/wp-json\/wp\/v2\/media\/638937"}],"wp:attachment":[{"href":"https:\/\/www.europesays.com\/fr\/wp-json\/wp\/v2\/media?parent=638936"}],"wp:term":[{"taxonomy":"category","embeddable":true,"href":"https:\/\/www.europesays.com\/fr\/wp-json\/wp\/v2\/categories?post=638936"},{"taxonomy":"post_tag","embeddable":true,"href":"https:\/\/www.europesays.com\/fr\/wp-json\/wp\/v2\/tags?post=638936"}],"curies":[{"name":"wp","href":"https:\/\/api.w.org\/{rel}","templated":true}]}}