{"id":638940,"date":"2026-01-03T19:48:12","date_gmt":"2026-01-03T19:48:12","guid":{"rendered":"https:\/\/www.europesays.com\/fr\/638940\/"},"modified":"2026-01-03T19:48:12","modified_gmt":"2026-01-03T19:48:12","slug":"face-a-nantes-lom-lance-un-mois-de-janvier-determinant","status":"publish","type":"post","link":"https:\/\/www.europesays.com\/fr\/638940\/","title":{"rendered":"face \u00e0 Nantes, l\u2019OM lance un mois de janvier \u00ab\u00a0d\u00e9terminant\u00a0\u00bb"},"content":{"rendered":"<p><strong>Marseille\u00a0&#8211; Nantes<\/strong><\/p>\n<p>Pour un club comme l\u2019Olympique de Marseille, qui est engag\u00e9 dans plusieurs comp\u00e9titions, le premier mois de l\u2019ann\u00e9e civile n\u2019a rien d\u2019une mise en bouche. Janvier\u00a02026 a davantage des allures de plat de r\u00e9sistance dont le bilan aura une grande incidence sur la critique finale.<\/p>\n<p>Ces prochaines semaines, ce ne sont pas moins de huit rencontres que vont devoir appr\u00e9hender les joueurs de Roberto De Zerbi. Engag\u00e9 dans quatre comp\u00e9titions diff\u00e9rentes avec son effectif, le technicien italien a lui-m\u00eame d\u00e9cr\u00e9t\u00e9 cette p\u00e9riode \u00ab\u00a0tr\u00e8s importante\u00a0\u00bb, \u00ab\u00a0cruciale\u00a0\u00bb ou encore \u00ab\u00a0d\u00e9terminante\u00a0\u00bb, selon ses derni\u00e8res conf\u00e9rences de presse.<\/p>\n<p>\u00ab\u00a0Souvent, la reprise est un peu dure\u00a0\u00bb<\/p>\n<p>Et janvier commence dimanche avec la venue de Nantes, une \u00e9quipe dont De Zerbi se m\u00e9fie en d\u00e9pit de sa place dans la zone rouge au moment d\u2019aborder la rencontre, car a elle a \u00ab\u00a0chang\u00e9 d\u2019entra\u00eeneur et de structure de jeu\u00a0\u00bb et repart avec \u00ab\u00a0des id\u00e9es et des \u00e9nergies nouvelles\u00a0\u00bb. \u00ab\u00a0On pourrait croire que c\u2019est un match facile, mais non. Et ici, tout le monde le sait. On doit bien d\u00e9buter l\u2019ann\u00e9e. Souvent, la reprise est un peu dure en janvier mais c\u2019est le foot\u00a0\u00bb, a pr\u00e9venu le coach italien vendredi.<\/p>\n<p><a target=\"_blank\" href=\"https:\/\/www.lanouvellerepublique.fr\/sports\/c-est-une-belle-recompense-pour-les-joueurs-lens-est-champion-d-automne-en-ligue-1-1767458599\" rel=\"noopener\">La victoire de Lens<\/a>, solide leader, vendredi \u00e0 Toulouse, oblige aussi l\u2019OM \u00e0 prendre trois points contre les Canaris et le match de dimanche pourrait aussi donner le ton des semaines \u00e0 venir. D\u00e8s le d\u00e9but de semaine, les Marseillais embarqueront en effet pour le Kowe\u00eft, destination baroque o\u00f9 se tiendra le Troph\u00e9e des champions face au Paris Saint-Germain.<\/p>\n<p>Ensuite, tout va s\u2019encha\u00eener \u00e0 tr\u00e8s grande vitesse, avec la Coupe de France face aux amateurs de Bayeux (R1), un d\u00e9placement \u00e0 Angers en Ligue\u00a01, l\u2019importante et prestigieuse r\u00e9ception de Liverpool en Ligue des champions, la venue de Lens en championnat, l\u2019Europe encore \u00e0 Bruges et un passage par la capitale pour y d\u00e9fier le Paris FC.<\/p>\n<p>Bless\u00e9 \u00e0 la cheville droite ces trois derniers mois, le d\u00e9fenseur Facundo Medina revient d\u00e9termin\u00e9 \u00e0 empocher le plus de succ\u00e8s\u00a0: \u00ab\u00a0C\u2019est un mois important. Physiquement et mentalement, \u00e7a va \u00eatre dur. Mais moi je veux tout gagner. La coupure a fait du bien, surtout apr\u00e8s avoir eu tous ces matchs tous les trois jours. C\u2019\u00e9tait important de profiter de la famille.\u00a0\u00bb<\/p>\n<p>Retours de blessure<\/p>\n<p>Les retours de certains joueurs bless\u00e9s, \u00e0 commencer par Hamed Traor\u00e9 et Amine Gouiri, vont renforcer la concurrence parmi l\u2019effectif olympien qui retrouve aussi Pierre-Emerick Aubameyang, <a target=\"_self\" href=\"https:\/\/www.lanouvellerepublique.fr\/sports\/son-coeur-voulait-son-ame-voulait-mais-son-corps-ne-pouvait-pas-une-can-frustrante-pour-pierre-emerick-aubameyang-1767117939\" rel=\"noopener\">revenu plus t\u00f4t que pr\u00e9vu de la Can<\/a>. \u00ab\u00a0Il ne manque que Nayef Aguerd\u00a0\u00bb, a relev\u00e9 De Zerbi, qui esp\u00e8re aussi voir en 2026 des \u00ab\u00a0am\u00e9liorations dans le jeu\u00a0\u00bb, notamment \u00ab\u00a0face aux blocs bas\u00a0\u00bb, une configuration possible dimanche contre Nantes.<\/p>\n<p>\u00ab\u00a0Chaque match est diff\u00e9rent, on sait juste que toutes les \u00e9quipes sont \u00e0 200\u00a0% quand elles affrontent l\u2019OM. Donc on doit jouer \u00e0 fond et prendre trois points\u00a0\u00bb, a r\u00e9sum\u00e9 Medina, qui a bien compris l\u2019enjeu de ce fameux mois de janvier\u00a0: \u00ab\u00a0Mon objectif personnel, c\u2019est de gagner tous les matchs qui viennent.\u00a0\u00bb<\/p>\n<p>Ce dimanche 4\u00a0janvier \u00e0 15\u00a0h, sur Ligue 1+.<\/p>\n","protected":false},"excerpt":{"rendered":"Marseille\u00a0&#8211; Nantes Pour un club comme l\u2019Olympique de Marseille, qui est engag\u00e9 dans plusieurs comp\u00e9titions, le premier mois&hellip;\n","protected":false},"author":2,"featured_media":638941,"comment_status":"","ping_status":"","sticky":false,"template":"","format":"standard","meta":{"footnotes":""},"categories":[2818],"tags":[1111,11,1777,674,1011,27,66,766,12,2636,25,60],"class_list":{"0":"post-638940","1":"post","2":"type-post","3":"status-publish","4":"format-standard","5":"has-post-thumbnail","7":"category-nantes","8":"tag-actu","9":"tag-actualites","10":"tag-eu","11":"tag-europe","12":"tag-fr","13":"tag-france","14":"tag-ligue-1","15":"tag-nantes","16":"tag-news","17":"tag-pays-de-la-loire","18":"tag-republique-francaise","19":"tag-sports"},"share_on_mastodon":{"url":"https:\/\/pubeurope.com\/@fr\/115832901057022367","error":""},"_links":{"self":[{"href":"https:\/\/www.europesays.com\/fr\/wp-json\/wp\/v2\/posts\/638940","targetHints":{"allow":["GET"]}}],"collection":[{"href":"https:\/\/www.europesays.com\/fr\/wp-json\/wp\/v2\/posts"}],"about":[{"href":"https:\/\/www.europesays.com\/fr\/wp-json\/wp\/v2\/types\/post"}],"author":[{"embeddable":true,"href":"https:\/\/www.europesays.com\/fr\/wp-json\/wp\/v2\/users\/2"}],"replies":[{"embeddable":true,"href":"https:\/\/www.europesays.com\/fr\/wp-json\/wp\/v2\/comments?post=638940"}],"version-history":[{"count":0,"href":"https:\/\/www.europesays.com\/fr\/wp-json\/wp\/v2\/posts\/638940\/revisions"}],"wp:featuredmedia":[{"embeddable":true,"href":"https:\/\/www.europesays.com\/fr\/wp-json\/wp\/v2\/media\/638941"}],"wp:attachment":[{"href":"https:\/\/www.europesays.com\/fr\/wp-json\/wp\/v2\/media?parent=638940"}],"wp:term":[{"taxonomy":"category","embeddable":true,"href":"https:\/\/www.europesays.com\/fr\/wp-json\/wp\/v2\/categories?post=638940"},{"taxonomy":"post_tag","embeddable":true,"href":"https:\/\/www.europesays.com\/fr\/wp-json\/wp\/v2\/tags?post=638940"}],"curies":[{"name":"wp","href":"https:\/\/api.w.org\/{rel}","templated":true}]}}