{"id":638942,"date":"2026-01-03T19:49:27","date_gmt":"2026-01-03T19:49:27","guid":{"rendered":"https:\/\/www.europesays.com\/fr\/638942\/"},"modified":"2026-01-03T19:49:27","modified_gmt":"2026-01-03T19:49:27","slug":"du-grand-theatre-en-janvier-a-montauban-corneille-et-marivaux-sur-les-planches","status":"publish","type":"post","link":"https:\/\/www.europesays.com\/fr\/638942\/","title":{"rendered":"Du grand th\u00e9\u00e2tre en janvier \u00e0 Montauban\u00a0: Corneille et Marivaux sur les planches"},"content":{"rendered":"<p>\n                                                                    l&rsquo;essentiel<br \/>\n                                                                Deux chefs-d\u2019\u0153uvre coup sur coup \u00e0 Montauban au th\u00e9\u00e2tre Olympe-de-Gouges\u00a0: \u00ab\u00a0Le Menteur\u00a0\u00bb, de Corneille le vendredi 16\u00a0janvier 2026, et \u00ab\u00a0La Double Inconstance\u00a0\u00bb, de Marivaux le mardi\u00a020.\n                            <\/p>\n<p>Les amateurs de th\u00e9\u00e2tre seront bien servis en janvier \u00e0 Montauban, avec deux grandes pi\u00e8ces du r\u00e9pertoire\u00a0: \u00ab\u00a0Le Menteur\u00a0\u00bb, de Pierre Corneille (1606-1684), le vendredi 16\u00a0janvier \u00e0 20\u00a0h\u00a030, et, quelques jours apr\u00e8s seulement, le mardi 20\u00a0janvier, au m\u00eame endroit, \u00ab\u00a0La Double Inconstance\u00a0\u00bb, de Pierre Carlet, alias Marivaux (1688-1763). Deux si\u00e8cles se font face sur les planches, le XVIIe et le XVIIIe, que tout semble opposer.<\/p>\n<p>Corneille peut \u00eatre une f\u00eate\u00a0!<\/p>\n<p>Or la pi\u00e8ce de Corneille en question, \u00ab\u00a0Le Menteur\u00a0\u00bb, est fort \u00e9loign\u00e9e du registre dans lequel le dramaturge a excell\u00e9\u00a0: la trag\u00e9die, la grandeur h\u00e9ro\u00efque, la passion, le devoir, la qu\u00eate d\u2019\u00e9l\u00e9vation. Son \u00ab\u00a0Menteur\u00a0\u00bb est consid\u00e9r\u00e9 comme un chef-d\u2019\u0153uvre comique, riche en rebondissements et en quiproquos, qui obligent les metteurs en sc\u00e8ne, comme les interpr\u00e8tes, \u00e0 une virtuosit\u00e9 confinant \u00e0 l\u2019ivresse. Oui, Corneille peut \u00eatre une f\u00eate\u00a0! L\u2019auteur sentait d\u2019ailleurs son audace. Dans son \u00e9p\u00eetre pr\u00e9c\u00e9dant le texte de sa pi\u00e8ce, il se justifie ainsi\u00a0: \u00ab\u00a0Je vous pr\u00e9sente une pi\u00e8ce de th\u00e9\u00e2tre d\u2019un style aussi \u00e9loign\u00e9 de ma derni\u00e8re, qu\u2019on aura de la peine \u00e0 croire qu\u2019elles soient parties toutes deux de la m\u00eame main, dans le m\u00eame hiver [\u2026]\u00a0\u00bb. \u00ab\u00a0Le Menteur\u00a0\u00bb est bien de sa main. La pi\u00e8ce, vive, spirituelle et \u00e9l\u00e9gante, connut un \u00e9norme succ\u00e8s lors de la premi\u00e8re repr\u00e9sentation en 1644. On dit m\u00eame qu\u2019elle pr\u00e9figure la com\u00e9die de caract\u00e8re qui sera plus tard perfectionn\u00e9e par Moli\u00e8re. La version pr\u00e9sent\u00e9e le vendredi 16\u00a0janvier \u00e0 Montauban est mise en sc\u00e8ne par Marion Bierry. \u00ab\u00a0Elle s\u2019\u00e9vade des codes classiques et contemporains pour servir le chef-d\u2019\u0153uvre comique de Corneille avec une espi\u00e8glerie jubilatoire\u00a0\u00bb, a dit un critique. Voil\u00e0 qui promet.<\/p>\n<p>Des accents de Laclos<\/p>\n<p>La pi\u00e8ce de Marivaux, sous ses dehors de charmante com\u00e9die pastorale, est l\u2019histoire d\u2019une machination mettant en lumi\u00e8re \u00ab\u00a0la cruaut\u00e9 du libertinage, la m\u00e9chancet\u00e9 galante, cette cruaut\u00e9 d\u2019esprit r\u00e9fl\u00e9chie qui r\u00e9gnait \u00e0 l\u2019\u00e9poque dans un jeu sans piti\u00e9\u00a0\u00bb, d\u00e9taille le metteur en sc\u00e8ne Jean-Paul Tribout. On y per\u00e7oit des accents de Laclos, et peut-\u00eatre m\u00eame de Sade. \u00c0 la fin, un couple d\u00e9fait en donnera deux, les spectateurs seront les t\u00e9moins de cette double inconstance.<\/p>\n<p>        <img decoding=\"async\" class=\"std-img__img responsive-img\" src=\"https:\/\/www.europesays.com\/fr\/wp-content\/uploads\/2026\/01\/1767469767_274_image.jpg\" alt=\"Des accents de Laclos chez Marivaux, peut-\u00eatre m\u00eame de Sade\"\/><\/p>\n<p>                Des accents de Laclos chez Marivaux, peut-\u00eatre m\u00eame de Sade<\/p>\n<p>\nLe mensonge au XVIIe\u00a0si\u00e8cle, avec ses liens \u00e9vidents menant \u00e0 la figure de l\u2019acteur, voire \u00e0 celle du dramaturge, l\u2019amour au XVIIIe\u00a0si\u00e8cle, gracieux et criminel\u00a0: un magnifique plateau pour une rentr\u00e9e th\u00e9\u00e2trale \u00e0 Montauban.<br \/>\nSautons enfin quelques d\u00e9cennies jusqu\u2019\u00e0\u2026 Clemenceau. Pourquoi donc\u00a0? Parce que Jean-Paul Tribout, ici metteur en sc\u00e8ne et com\u00e9dien, a \u00e9t\u00e9 l\u2019un des principaux visages des fameuses \u00ab\u00a0Brigades du Tigre\u00a0\u00bb (1974-83), celui de l\u2019inspecteur Pujol, aux c\u00f4t\u00e9s de Jean-Claude Bouillon et de Pierre Maguelon. Certes \u00e9loign\u00e9 de Marivaux, mais devenu un grand classique de la t\u00e9l\u00e9vision.<\/p>\n","protected":false},"excerpt":{"rendered":"l&rsquo;essentiel Deux chefs-d\u2019\u0153uvre coup sur coup \u00e0 Montauban au th\u00e9\u00e2tre Olympe-de-Gouges\u00a0: \u00ab\u00a0Le Menteur\u00a0\u00bb, de Corneille le vendredi 16\u00a0janvier&hellip;\n","protected":false},"author":2,"featured_media":638943,"comment_status":"","ping_status":"","sticky":false,"template":"","format":"standard","meta":{"footnotes":""},"categories":[2817],"tags":[1111,11,1997,872,1777,674,1011,27,19054,12,2219,25,853,36586,4698],"class_list":{"0":"post-638942","1":"post","2":"type-post","3":"status-publish","4":"format-standard","5":"has-post-thumbnail","7":"category-bordeaux","8":"tag-actu","9":"tag-actualites","10":"tag-bordeaux","11":"tag-culture-et-loisirs","12":"tag-eu","13":"tag-europe","14":"tag-fr","15":"tag-france","16":"tag-montauban","17":"tag-news","18":"tag-nouvelle-aquitaine","19":"tag-republique-francaise","20":"tag-spectacles","21":"tag-tarn-et-garonne","22":"tag-thu00e9u00e2tre"},"share_on_mastodon":{"url":"https:\/\/pubeurope.com\/@fr\/115832905103294600","error":""},"_links":{"self":[{"href":"https:\/\/www.europesays.com\/fr\/wp-json\/wp\/v2\/posts\/638942","targetHints":{"allow":["GET"]}}],"collection":[{"href":"https:\/\/www.europesays.com\/fr\/wp-json\/wp\/v2\/posts"}],"about":[{"href":"https:\/\/www.europesays.com\/fr\/wp-json\/wp\/v2\/types\/post"}],"author":[{"embeddable":true,"href":"https:\/\/www.europesays.com\/fr\/wp-json\/wp\/v2\/users\/2"}],"replies":[{"embeddable":true,"href":"https:\/\/www.europesays.com\/fr\/wp-json\/wp\/v2\/comments?post=638942"}],"version-history":[{"count":0,"href":"https:\/\/www.europesays.com\/fr\/wp-json\/wp\/v2\/posts\/638942\/revisions"}],"wp:featuredmedia":[{"embeddable":true,"href":"https:\/\/www.europesays.com\/fr\/wp-json\/wp\/v2\/media\/638943"}],"wp:attachment":[{"href":"https:\/\/www.europesays.com\/fr\/wp-json\/wp\/v2\/media?parent=638942"}],"wp:term":[{"taxonomy":"category","embeddable":true,"href":"https:\/\/www.europesays.com\/fr\/wp-json\/wp\/v2\/categories?post=638942"},{"taxonomy":"post_tag","embeddable":true,"href":"https:\/\/www.europesays.com\/fr\/wp-json\/wp\/v2\/tags?post=638942"}],"curies":[{"name":"wp","href":"https:\/\/api.w.org\/{rel}","templated":true}]}}