{"id":638944,"date":"2026-01-03T19:50:21","date_gmt":"2026-01-03T19:50:21","guid":{"rendered":"https:\/\/www.europesays.com\/fr\/638944\/"},"modified":"2026-01-03T19:50:21","modified_gmt":"2026-01-03T19:50:21","slug":"girondins-reprise-de-lentrainement-au-haillan-avec-une-bonne-nouvelle-pour-bordeaux","status":"publish","type":"post","link":"https:\/\/www.europesays.com\/fr\/638944\/","title":{"rendered":"Girondins : reprise de l\u2019entra\u00eenement au Haillan avec une bonne nouvelle pour Bordeaux"},"content":{"rendered":"<p><img decoding=\"async\" src=\"https:\/\/www.europesays.com\/fr\/wp-content\/uploads\/2026\/01\/671_dbf0e4ae34a22b37aac8db35e17f0e09.jpg\" alt=\"Girondins : reprise de l\u2019entra\u00eenement au Haillan avec une bonne nouvelle pour Bordeaux\" class=\"img-responsive mt-3\"\/><\/p>\n<p class=\"text-center mb-3\" style=\"font-size: 14px\">\u00a9 Iconsport<\/p>\n<p>      <strong>Reprise 2026 des Girondins de Bordeaux : Odru de retour, Ba encore incertain<\/strong><\/p>\n<p style=\"text-align: justify;\">Bordeaux pr\u00e9pare la r\u00e9ception de l&rsquo;Aviron Bayonnais, qui se d\u00e9place au Stade Atlantique samedi 10 janvier pour la 14e journ\u00e9e de National 2 de la poule A. Bonne nouvelle pour l&rsquo;entraineur Bruno Irl\u00e8s, Guillaume odru est apte a suivre les s\u00e9ances collectives. Ce n&rsquo;est pas le cas d&rsquo;Abou Ba qui s&rsquo;est content\u00e9 d&rsquo;un footing avant de rentrer en salle comme le rapporte Passioney sur le r\u00e9seau social X (voir ci-dessous). Le milieu bordelais est en retour progressif apr\u00e8s sa blessure. On ne sait pas encore s&rsquo;il sera disponible pour la r\u00e9ception de Bayonne.<\/p>\n<p style=\"text-align: justify;\">Vous avez des images sur le compte X de Passioney ci-dessous :<\/p>\n<p style=\"text-align: justify;\">Les vid\u00e9os de reprise du club avec les v\u0153ux des joueurs : \u00a0<\/p>\n<p><a href=\"https:\/\/x.com\/girondins\/status\/2007415297591128342\" target=\"_blank\" rel=\"noopener\"><img decoding=\"async\" src=\"https:\/\/www.europesays.com\/fr\/wp-content\/uploads\/2026\/01\/Capture d\u2019e\u0301cran 2026-01-03 a\u0300 18.38.24.png\" alt=\"Capture d\u2019e\u0301cran 2026-01-03 a\u0300 18.38.24.png (334 KB)\" style=\"width:700px;max-width:100%;\"\/><\/a><\/p>\n<p>\u00c0 lire &gt;&gt; <a href=\"https:\/\/www.webgirondins.com\/actualite-mercato-n2-saint-malo-lance-un-mercato-offensif-pour-relancer-sa-course-la-montee-131677\" target=\"_blank\" rel=\"noopener\"><strong>N2 : Saint-Malo lance un mercato offensif pour relancer sa course la mont\u00e9e !<\/strong><\/a><\/p>\n<p>\u00c9coutez notre podcast court d&rsquo;actu sur les Girondins :<\/p>\n","protected":false},"excerpt":{"rendered":"\u00a9 Iconsport Reprise 2026 des Girondins de Bordeaux : Odru de retour, Ba encore incertain Bordeaux pr\u00e9pare la&hellip;\n","protected":false},"author":2,"featured_media":638945,"comment_status":"","ping_status":"","sticky":false,"template":"","format":"standard","meta":{"footnotes":""},"categories":[2817],"tags":[1111,11,3396,11690,1997,3335,20837,6769,1777,674,1011,27,1987,6776,25104,12,2043,2219,471,13253,9834,25,3982],"class_list":{"0":"post-638944","1":"post","2":"type-post","3":"status-publish","4":"format-standard","5":"has-post-thumbnail","7":"category-bordeaux","8":"tag-actu","9":"tag-actualites","10":"tag-avec","11":"tag-bonne","12":"tag-bordeaux","13":"tag-centre","14":"tag-chemin","15":"tag-entrainement","16":"tag-eu","17":"tag-europe","18":"tag-fr","19":"tag-france","20":"tag-girondins","21":"tag-haillan","22":"tag-janvier","23":"tag-news","24":"tag-nouvelle","25":"tag-nouvelle-aquitaine","26":"tag-pour","27":"tag-repris","28":"tag-reprise","29":"tag-republique-francaise","30":"tag-samedi"},"share_on_mastodon":{"url":"https:\/\/pubeurope.com\/@fr\/115832909159544180","error":""},"_links":{"self":[{"href":"https:\/\/www.europesays.com\/fr\/wp-json\/wp\/v2\/posts\/638944","targetHints":{"allow":["GET"]}}],"collection":[{"href":"https:\/\/www.europesays.com\/fr\/wp-json\/wp\/v2\/posts"}],"about":[{"href":"https:\/\/www.europesays.com\/fr\/wp-json\/wp\/v2\/types\/post"}],"author":[{"embeddable":true,"href":"https:\/\/www.europesays.com\/fr\/wp-json\/wp\/v2\/users\/2"}],"replies":[{"embeddable":true,"href":"https:\/\/www.europesays.com\/fr\/wp-json\/wp\/v2\/comments?post=638944"}],"version-history":[{"count":0,"href":"https:\/\/www.europesays.com\/fr\/wp-json\/wp\/v2\/posts\/638944\/revisions"}],"wp:featuredmedia":[{"embeddable":true,"href":"https:\/\/www.europesays.com\/fr\/wp-json\/wp\/v2\/media\/638945"}],"wp:attachment":[{"href":"https:\/\/www.europesays.com\/fr\/wp-json\/wp\/v2\/media?parent=638944"}],"wp:term":[{"taxonomy":"category","embeddable":true,"href":"https:\/\/www.europesays.com\/fr\/wp-json\/wp\/v2\/categories?post=638944"},{"taxonomy":"post_tag","embeddable":true,"href":"https:\/\/www.europesays.com\/fr\/wp-json\/wp\/v2\/tags?post=638944"}],"curies":[{"name":"wp","href":"https:\/\/api.w.org\/{rel}","templated":true}]}}