{"id":638950,"date":"2026-01-03T19:53:13","date_gmt":"2026-01-03T19:53:13","guid":{"rendered":"https:\/\/www.europesays.com\/fr\/638950\/"},"modified":"2026-01-03T19:53:13","modified_gmt":"2026-01-03T19:53:13","slug":"a-villeneuve-dascq-une-residence-etudiante-va-naitre-pres-du-campus-cite-scientifique-en-2028-03-01-2026","status":"publish","type":"post","link":"https:\/\/www.europesays.com\/fr\/638950\/","title":{"rendered":"\u00c0 Villeneuve-d&rsquo;Ascq, une r\u00e9sidence \u00e9tudiante va na\u00eetre pr\u00e8s du campus Cit\u00e9 scientifique en 2028 &#8211; 03\/01\/2026"},"content":{"rendered":"<p>\n        269 logements \u00e9tudiants vont \u00eatre construits \u00e0 10 minutes \u00e0 pied du campus Cit\u00e9 scientifique de l&rsquo;Universit\u00e9 de Lille \u00e0 Villeneuve-d&rsquo;Ascq. On vous file les caract\u00e9ristiques de ces appartements qui ne verront pas le jour avant 2028.\u00a0<\/p>\n<p>On se calme, ce n&rsquo;est pas encore l&rsquo;heure de d\u00e9poser votre dossier de location. Rien n&rsquo;est sorti de terre encore, il faudra attendre septembre 2028 pour int\u00e9grer l&rsquo;un des 269 logements qui vont \u00eatre construits pr\u00e8s du campus Cit\u00e9 scientifique et du stade Pierre-Mauroy de Villeneuve-d&rsquo;Ascq.<\/p>\n<p>Et pour l&rsquo;instant,\u00a0l&rsquo;exploitant\u00a0Cap\u00e9tudes, qui g\u00e8re dix autres r\u00e9sidences en France, cherche encore (via Investoria qui s&rsquo;occupe de la commercialisation) des propri\u00e9taires pour acheter les appartements \u00e9tudiants (\u00e0 partir de 86 664 \u20ac HT) qui seront ensuite mis \u00e0 la location.<\/p>\n<p>      <a data-fslightbox=\"lightbox-74735\" data-caption=\"@Cap&#xE9;tudes\" href=\"https:\/\/vozer.s3.eu-west-3.amazonaws.com\/production\/1767026818\/x0j5cyzhy6dq16jk4rxkqyxrbpob\/residence-villeneuve.PNG\" target=\"_blank\" rel=\"noopener\"><br \/>\n        <img decoding=\"async\" class=\"mw-100 lazy\" alt=\"@Cap&#xE9;tudes\" lazy=\"true\" src=\"https:\/\/www.europesays.com\/fr\/wp-content\/uploads\/2026\/01\/residence-villeneuve.webp.webp\"\/><br \/>\n      <\/a><br \/>\n        @Cap\u00e9tudes<\/p>\n<p>  Des logements tout \u00e9quip\u00e9s<\/p>\n<p>Et sans plus attendre, voil\u00e0 les caract\u00e9ristiques de cette future r\u00e9sidence :<\/p>\n<ul>&#13;<\/p>\n<li>logements meubl\u00e9s entre 17m\u00b2 \u00e0 32m\u00b2<\/li>\n<p>&#13;<\/p>\n<li>une terrasse de 70m\u00b2<\/li>\n<p>&#13;<\/p>\n<li>un espace de coworking (avec wifi gratuit)<\/li>\n<p>&#13;<\/p>\n<li>une salle de fitness<\/li>\n<p>&#13;<\/p>\n<li>un espace de d\u00e9tente<\/li>\n<p>&#13;<\/p>\n<li>une laverie connect\u00e9e<\/li>\n<p>&#13;<\/p>\n<li>un parking ferm\u00e9 (en option)<\/li>\n<p>&#13;<\/ul>\n<p>      <a data-fslightbox=\"lightbox-74737\" data-caption=\"Exemple d&#x2019;un studio de 18 m&#xB2; meubl&#xE9; (plan non contractuel) @LWS Hospitality\" href=\"https:\/\/vozer.s3.eu-west-3.amazonaws.com\/production\/1767026818\/t1fezpr9cgogimeoo6famucvm3iy\/logement-residence.PNG\" target=\"_blank\" rel=\"noopener\"><br \/>\n        <img decoding=\"async\" class=\"mw-100 lazy\" alt=\"Exemple d&#x2019;un studio de18 m&#xB2; meubl&#xE9; (plan non contractuel) @LWS Hospitality\" lazy=\"true\" src=\"https:\/\/www.europesays.com\/fr\/wp-content\/uploads\/2026\/01\/logement-residence.webp.webp\"\/><br \/>\n      <\/a><br \/>\n        Exemple d\u2019un studio de 18 m\u00b2 meubl\u00e9 (plan non contractuel) @LWS Hospitality<\/p>\n<p>Question s\u00e9curit\u00e9, on part sur des cam\u00e9ras de vid\u00e9osurveillance, un contr\u00f4le d&rsquo;acc\u00e8s et la pr\u00e9sence en permanence d&rsquo;un r\u00e9gisseur qui vivra sur place.<\/p>\n<p>On vous tiendra au courant de l&rsquo;\u00e9volution du projet, notamment des prix de ces futurs logements, que l&rsquo;on ne conna\u00eet pas encore.<\/p>\n","protected":false},"excerpt":{"rendered":"269 logements \u00e9tudiants vont \u00eatre construits \u00e0 10 minutes \u00e0 pied du campus Cit\u00e9 scientifique de l&rsquo;Universit\u00e9 de&hellip;\n","protected":false},"author":2,"featured_media":638951,"comment_status":"","ping_status":"","sticky":false,"template":"","format":"standard","meta":{"footnotes":""},"categories":[2815],"tags":[1111,11,1777,674,1011,27,811,1307,12,25],"class_list":{"0":"post-638950","1":"post","2":"type-post","3":"status-publish","4":"format-standard","5":"has-post-thumbnail","7":"category-lille","8":"tag-actu","9":"tag-actualites","10":"tag-eu","11":"tag-europe","12":"tag-fr","13":"tag-france","14":"tag-hauts-de-france","15":"tag-lille","16":"tag-news","17":"tag-republique-francaise"},"share_on_mastodon":{"url":"https:\/\/pubeurope.com\/@fr\/115832920850036426","error":""},"_links":{"self":[{"href":"https:\/\/www.europesays.com\/fr\/wp-json\/wp\/v2\/posts\/638950","targetHints":{"allow":["GET"]}}],"collection":[{"href":"https:\/\/www.europesays.com\/fr\/wp-json\/wp\/v2\/posts"}],"about":[{"href":"https:\/\/www.europesays.com\/fr\/wp-json\/wp\/v2\/types\/post"}],"author":[{"embeddable":true,"href":"https:\/\/www.europesays.com\/fr\/wp-json\/wp\/v2\/users\/2"}],"replies":[{"embeddable":true,"href":"https:\/\/www.europesays.com\/fr\/wp-json\/wp\/v2\/comments?post=638950"}],"version-history":[{"count":0,"href":"https:\/\/www.europesays.com\/fr\/wp-json\/wp\/v2\/posts\/638950\/revisions"}],"wp:featuredmedia":[{"embeddable":true,"href":"https:\/\/www.europesays.com\/fr\/wp-json\/wp\/v2\/media\/638951"}],"wp:attachment":[{"href":"https:\/\/www.europesays.com\/fr\/wp-json\/wp\/v2\/media?parent=638950"}],"wp:term":[{"taxonomy":"category","embeddable":true,"href":"https:\/\/www.europesays.com\/fr\/wp-json\/wp\/v2\/categories?post=638950"},{"taxonomy":"post_tag","embeddable":true,"href":"https:\/\/www.europesays.com\/fr\/wp-json\/wp\/v2\/tags?post=638950"}],"curies":[{"name":"wp","href":"https:\/\/api.w.org\/{rel}","templated":true}]}}