{"id":638952,"date":"2026-01-03T19:54:18","date_gmt":"2026-01-03T19:54:18","guid":{"rendered":"https:\/\/www.europesays.com\/fr\/638952\/"},"modified":"2026-01-03T19:54:18","modified_gmt":"2026-01-03T19:54:18","slug":"direct-ligue-1-vivez-lille-rennes-sur-lantenne-dici-nord","status":"publish","type":"post","link":"https:\/\/www.europesays.com\/fr\/638952\/","title":{"rendered":"DIRECT &#8211; Ligue 1 : vivez Lille-Rennes sur l&rsquo;antenne d&rsquo;Ici Nord"},"content":{"rendered":"<p>Le LOSC d\u00e9marre son ann\u00e9e 2026 par un choc face \u00e0 une formation rennaise retrouv\u00e9e depuis quelques matchs. L&rsquo;occasion pour les Dogues de r\u00e9int\u00e9grer le podium de la Ligue 1 pour la premi\u00e8re fois depuis le 20 septembre dernier. Coup d&rsquo;envoi \u00e0 21h05 au stade Pierre-Mauroy.<\/p>\n<p>Les Dogues peuvent avoir les crocs. Une troisi\u00e8me place provisoire du championnat est \u00e0 prendre ce soir en cas de victoire ou de nul face aux Rennais. Pas une mince affaire tant Rennes rena\u00eet de ses cendres avec cinq victoires sur les sept derniers matchs apr\u00e8s un d\u00e9but de saison qui avait presque pouss\u00e9 le coach Habib Beye vers la sortie fin octobre.<\/p>\n<p><strong>Ce test pour le LOSC est \u00e0 vivre en direct et en int\u00e9gralit\u00e9 sur Ici Nord avec les commentaires de Sylvain Charley. Avant-match d\u00e8s 20h30, coup d&rsquo;envoi de la rencontre \u00e0 21h05.<\/strong><\/p>\n<p>loading<\/p>\n<p>Alexsandro, le grand retour\u00a0?<\/p>\n<p>L&rsquo;entra\u00eeneur lillois Bruno G\u00e9n\u00e9sio aurait voulu le faire entr\u00e9e en Coupe de France mais la physionomie du match (victoire \u00e9triqu\u00e9e 1-0 face aux Lusitanos Saint-Maur) ne lui a pas permis. <strong>Le d\u00e9fenseur br\u00e9silien Alexsandro est dans les starting-blocks pour faire son retour \u00e0 la comp\u00e9tition apr\u00e8s 18 matchs manqu\u00e9s<\/strong> toutes comp\u00e9titions confondues \u00e0 cause d&rsquo;une blessure aux quadriceps. \u00ab\u00a0Difficile de savoir comment il va \u00eatre apr\u00e8s trois mois et demi d\u2019arr\u00eat.\u00a0\u00bb atteste Bruno G\u00e9n\u00e9sio. \u00ab\u00a0Il a besoin de retrouver des rep\u00e8res et du rythme, mais je pense qu\u2019il est pr\u00eat \u00e0 d\u00e9marrer\u201d.<\/p>\n<p>Un retour dans un flot d&rsquo;absences puisque Mbemba, Mukau, Mandi et Igamane disputent actuellement la CAN avec leur s\u00e9lection. Perraud est suspendu tandis que\u00a0Tour\u00e9, Mbapp\u00e9, Raghouber et\u00a0 Andr\u00e9 Gomes pointent \u00e0 l&rsquo;infirmerie.<\/p>\n<p>loading<\/p>\n<p>loading<\/p>\n<p>loading<\/p>\n","protected":false},"excerpt":{"rendered":"Le LOSC d\u00e9marre son ann\u00e9e 2026 par un choc face \u00e0 une formation rennaise retrouv\u00e9e depuis quelques matchs.&hellip;\n","protected":false},"author":2,"featured_media":638953,"comment_status":"","ping_status":"","sticky":false,"template":"","format":"standard","meta":{"footnotes":""},"categories":[2815],"tags":[1111,11,1777,674,1011,27,811,1307,12,25],"class_list":{"0":"post-638952","1":"post","2":"type-post","3":"status-publish","4":"format-standard","5":"has-post-thumbnail","7":"category-lille","8":"tag-actu","9":"tag-actualites","10":"tag-eu","11":"tag-europe","12":"tag-fr","13":"tag-france","14":"tag-hauts-de-france","15":"tag-lille","16":"tag-news","17":"tag-republique-francaise"},"share_on_mastodon":{"url":"https:\/\/pubeurope.com\/@fr\/115832924612418372","error":""},"_links":{"self":[{"href":"https:\/\/www.europesays.com\/fr\/wp-json\/wp\/v2\/posts\/638952","targetHints":{"allow":["GET"]}}],"collection":[{"href":"https:\/\/www.europesays.com\/fr\/wp-json\/wp\/v2\/posts"}],"about":[{"href":"https:\/\/www.europesays.com\/fr\/wp-json\/wp\/v2\/types\/post"}],"author":[{"embeddable":true,"href":"https:\/\/www.europesays.com\/fr\/wp-json\/wp\/v2\/users\/2"}],"replies":[{"embeddable":true,"href":"https:\/\/www.europesays.com\/fr\/wp-json\/wp\/v2\/comments?post=638952"}],"version-history":[{"count":0,"href":"https:\/\/www.europesays.com\/fr\/wp-json\/wp\/v2\/posts\/638952\/revisions"}],"wp:featuredmedia":[{"embeddable":true,"href":"https:\/\/www.europesays.com\/fr\/wp-json\/wp\/v2\/media\/638953"}],"wp:attachment":[{"href":"https:\/\/www.europesays.com\/fr\/wp-json\/wp\/v2\/media?parent=638952"}],"wp:term":[{"taxonomy":"category","embeddable":true,"href":"https:\/\/www.europesays.com\/fr\/wp-json\/wp\/v2\/categories?post=638952"},{"taxonomy":"post_tag","embeddable":true,"href":"https:\/\/www.europesays.com\/fr\/wp-json\/wp\/v2\/tags?post=638952"}],"curies":[{"name":"wp","href":"https:\/\/api.w.org\/{rel}","templated":true}]}}