{"id":638954,"date":"2026-01-03T19:55:10","date_gmt":"2026-01-03T19:55:10","guid":{"rendered":"https:\/\/www.europesays.com\/fr\/638954\/"},"modified":"2026-01-03T19:55:10","modified_gmt":"2026-01-03T19:55:10","slug":"un-rassemblement-de-soutien-au-venezuela-ce-samedi-soir-a-marseille-2","status":"publish","type":"post","link":"https:\/\/www.europesays.com\/fr\/638954\/","title":{"rendered":"Un rassemblement de soutien au Venezuela ce samedi soir \u00e0 Marseille"},"content":{"rendered":"\n<p>Le pr\u00e9sident am\u00e9ricain, Donald Trump, a annonc\u00e9, ce samedi 3 janvier, que les forces am\u00e9ricaines avaient \u00ab captur\u00e9 \u00bb et \u00ab exfiltr\u00e9 \u00bb le pr\u00e9sident v\u00e9n\u00e9zu\u00e9lien, Nicolas Maduro, apr\u00e8s avoir lanc\u00e9 une \u00ab attaque de grande envergure \u00bb contre le pays sud-am\u00e9ricain.<\/p>\n<p>Le gouvernement du Venezuela d\u00e9nonce ce samedi une \u00ab tr\u00e8s grave agression militaire \u00bb des Am\u00e9ricains.<\/p>\n<p>C\u2019est dans ce cadre qu\u2019un appel au rassemblement, \u00e0 Marseille, a \u00e9t\u00e9 lanc\u00e9 par plusieurs associations, syndicats dont la CGT et mouvements politiques, dont le PCF, en soutien au Venezuela et \u00e0 son peuple apr\u00e8s l\u2019attaque men\u00e9e par les Etats-Unis.<\/p>\n<p>Rendez-vous est donn\u00e9 \u00e0 18h30 place F\u00e9lix-Barret, devant le pr\u00e9fecture.<\/p>\n","protected":false},"excerpt":{"rendered":"Le pr\u00e9sident am\u00e9ricain, Donald Trump, a annonc\u00e9, ce samedi 3 janvier, que les forces am\u00e9ricaines avaient \u00ab captur\u00e9&hellip;\n","protected":false},"author":2,"featured_media":638726,"comment_status":"","ping_status":"","sticky":false,"template":"","format":"standard","meta":{"footnotes":""},"categories":[2814],"tags":[1111,11,1777,674,1011,27,884,12,882,25,337],"class_list":{"0":"post-638954","1":"post","2":"type-post","3":"status-publish","4":"format-standard","5":"has-post-thumbnail","7":"category-marseille","8":"tag-actu","9":"tag-actualites","10":"tag-eu","11":"tag-europe","12":"tag-fr","13":"tag-france","14":"tag-marseille","15":"tag-news","16":"tag-provence-alpes-cote-dazur","17":"tag-republique-francaise","18":"tag-venezuela"},"share_on_mastodon":{"url":"https:\/\/pubeurope.com\/@fr\/115832928646881486","error":""},"_links":{"self":[{"href":"https:\/\/www.europesays.com\/fr\/wp-json\/wp\/v2\/posts\/638954","targetHints":{"allow":["GET"]}}],"collection":[{"href":"https:\/\/www.europesays.com\/fr\/wp-json\/wp\/v2\/posts"}],"about":[{"href":"https:\/\/www.europesays.com\/fr\/wp-json\/wp\/v2\/types\/post"}],"author":[{"embeddable":true,"href":"https:\/\/www.europesays.com\/fr\/wp-json\/wp\/v2\/users\/2"}],"replies":[{"embeddable":true,"href":"https:\/\/www.europesays.com\/fr\/wp-json\/wp\/v2\/comments?post=638954"}],"version-history":[{"count":0,"href":"https:\/\/www.europesays.com\/fr\/wp-json\/wp\/v2\/posts\/638954\/revisions"}],"wp:featuredmedia":[{"embeddable":true,"href":"https:\/\/www.europesays.com\/fr\/wp-json\/wp\/v2\/media\/638726"}],"wp:attachment":[{"href":"https:\/\/www.europesays.com\/fr\/wp-json\/wp\/v2\/media?parent=638954"}],"wp:term":[{"taxonomy":"category","embeddable":true,"href":"https:\/\/www.europesays.com\/fr\/wp-json\/wp\/v2\/categories?post=638954"},{"taxonomy":"post_tag","embeddable":true,"href":"https:\/\/www.europesays.com\/fr\/wp-json\/wp\/v2\/tags?post=638954"}],"curies":[{"name":"wp","href":"https:\/\/api.w.org\/{rel}","templated":true}]}}