{"id":638957,"date":"2026-01-03T19:57:12","date_gmt":"2026-01-03T19:57:12","guid":{"rendered":"https:\/\/www.europesays.com\/fr\/638957\/"},"modified":"2026-01-03T19:57:12","modified_gmt":"2026-01-03T19:57:12","slug":"gap-laffaire-l-ex-pi-re-un-cine-spectacle-aux-allures-dun-polar","status":"publish","type":"post","link":"https:\/\/www.europesays.com\/fr\/638957\/","title":{"rendered":"Gap. L\u2019affaire L.Ex.pi.Re , un cin\u00e9-spectacle aux allures d\u2019un polar"},"content":{"rendered":"<p>L\u2019affaire L.Ex.pi.Re (elle expire), c\u2019est la nouvelle cr\u00e9ation de la compagnie La Cordonnerie. Un cin\u00e9-spectacle o\u00f9, install\u00e9s de part et d\u2019autre d\u2019une sc\u00e8ne surplomb\u00e9e d\u2019un \u00e9cran, les spectateurs suivent l\u2019histoire d\u2019une com\u00e9dienne en tourn\u00e9e qui s\u2019appr\u00eate \u00e0 jouer Ph\u00e8dre , ou celle d\u2019un homme laconique, passant des terrains vagues aux beaux quartiers. D\u2019un film \u00e0 l\u2019autre, un m\u00eame son signifiera deux choses diff\u00e9rentes\u2026 mais un fil invisible les relie et ne cessera de rapprocher les h\u00e9ros. Jusqu\u2019\u00e0 ce que les pi\u00e8ces du puzzle s\u2019assemblent pour former un seul r\u00e9cit.<\/p>\n<p class=\"note\">Mercredi\u00a07 et jeudi 8\u00a0janvier \u00e0 20\u00a0h\u00a030 au th\u00e9\u00e2tre La passerelle.<\/p>\n","protected":false},"excerpt":{"rendered":"L\u2019affaire L.Ex.pi.Re (elle expire), c\u2019est la nouvelle cr\u00e9ation de la compagnie La Cordonnerie. Un cin\u00e9-spectacle o\u00f9, install\u00e9s de&hellip;\n","protected":false},"author":2,"featured_media":638958,"comment_status":"","ping_status":"","sticky":false,"template":"","format":"standard","meta":{"footnotes":""},"categories":[1889],"tags":[1111,11,2430,1687,4521,1777,674,1011,27,1085,16204,2428,12,25,3140],"class_list":{"0":"post-638957","1":"post","2":"type-post","3":"status-publish","4":"format-standard","5":"has-post-thumbnail","7":"category-lyon","8":"tag-actu","9":"tag-actualites","10":"tag-auvergne-rhone-alpes","11":"tag-culture-loisirs","12":"tag-edition-hautes-alpes-alpes-de-haute-provence","13":"tag-eu","14":"tag-europe","15":"tag-fr","16":"tag-france","17":"tag-gap","18":"tag-gap-bassin","19":"tag-lyon","20":"tag-news","21":"tag-republique-francaise","22":"tag-spectacle"},"share_on_mastodon":{"url":"https:\/\/pubeurope.com\/@fr\/115832936429063253","error":""},"_links":{"self":[{"href":"https:\/\/www.europesays.com\/fr\/wp-json\/wp\/v2\/posts\/638957","targetHints":{"allow":["GET"]}}],"collection":[{"href":"https:\/\/www.europesays.com\/fr\/wp-json\/wp\/v2\/posts"}],"about":[{"href":"https:\/\/www.europesays.com\/fr\/wp-json\/wp\/v2\/types\/post"}],"author":[{"embeddable":true,"href":"https:\/\/www.europesays.com\/fr\/wp-json\/wp\/v2\/users\/2"}],"replies":[{"embeddable":true,"href":"https:\/\/www.europesays.com\/fr\/wp-json\/wp\/v2\/comments?post=638957"}],"version-history":[{"count":0,"href":"https:\/\/www.europesays.com\/fr\/wp-json\/wp\/v2\/posts\/638957\/revisions"}],"wp:featuredmedia":[{"embeddable":true,"href":"https:\/\/www.europesays.com\/fr\/wp-json\/wp\/v2\/media\/638958"}],"wp:attachment":[{"href":"https:\/\/www.europesays.com\/fr\/wp-json\/wp\/v2\/media?parent=638957"}],"wp:term":[{"taxonomy":"category","embeddable":true,"href":"https:\/\/www.europesays.com\/fr\/wp-json\/wp\/v2\/categories?post=638957"},{"taxonomy":"post_tag","embeddable":true,"href":"https:\/\/www.europesays.com\/fr\/wp-json\/wp\/v2\/tags?post=638957"}],"curies":[{"name":"wp","href":"https:\/\/api.w.org\/{rel}","templated":true}]}}