{"id":63896,"date":"2025-04-30T08:17:09","date_gmt":"2025-04-30T08:17:09","guid":{"rendered":"https:\/\/www.europesays.com\/fr\/63896\/"},"modified":"2025-04-30T08:17:09","modified_gmt":"2025-04-30T08:17:09","slug":"a-saint-marcel-a-marseille-nora-preziosi-compte-ses-amis-en-vue-des-municipales","status":"publish","type":"post","link":"https:\/\/www.europesays.com\/fr\/63896\/","title":{"rendered":"\u00c0 Saint-Marcel \u00e0 Marseille, Nora Preziosi compte ses amis en vue des municipales"},"content":{"rendered":"<p>Apr\u00e8s une <a href=\"https:\/\/www.laprovence.com\/article\/politique\/8866352453954214\/marseille-je-ne-suis-pas-finie-je-suis-la-pour-vous-lance-nora-preziosi\" target=\"_blank\" rel=\"noopener\">r\u00e9union de lancement dans les quartiers Nord<\/a>, direction l\u2019est de Marseille pour la conseill\u00e8re d\u00e9partementale (SE) qui r\u00e9unissait ce mardi 29\u00a0avril ses soutiens pour son \u00ab\u00a0rassemblement de Printemps\u00a0\u00bb \u00e0 Saint-Marcel (11e).<\/p>\n<p>Pour Nora Preziosi, il s\u2019agissait aussi de compter ses soutiens, <a href=\"https:\/\/www.laprovence.com\/article\/politique\/1416581423548515\/marseille-confidentiels-nora-preziosi-veut-rassurer-les-salaries-de-13-habitat\" target=\"_blank\" rel=\"noopener\">en pleine crise chez 13 Habitat<\/a>, le bailleur social du D\u00e9partement qu\u2019elle pr\u00e9side et qui a vu ses deux derniers directeurs g\u00e9n\u00e9raux prendre la porte fin mars sur fond d\u2019accusation de malversations. Plus de 500 personnes avaient r\u00e9pondu pr\u00e9sent, dont les conseillers d\u00e9partementaux Denis Rossi (DVD), Fr\u00e9d\u00e9ric Collart (SE) et Thierry Santelli (LR), et le conseiller r\u00e9gional Herv\u00e9 Liberman (UDI).<\/p>\n<p>Fr\u00e9d\u00e9ric Collart \u00e0 la tribune<\/p>\n<p>\u00ab\u00a0On va avoir besoin de vous\u00a0\u00bb, a lanc\u00e9 <a href=\"https:\/\/www.laprovence.com\/article\/politique\/2793911760405914\/candidat-a-la-mairie-de-marseille-frederic-collart-veut-rassembler-les-blocs-de-droite-et-de-gauche-sans-les-extremes\" target=\"_blank\" rel=\"noopener\">Fr\u00e9d\u00e9ric Collart<\/a> \u00e0 la tribune. Entour\u00e9e de son mari, l\u2019avocat Jacques Preziosi, et apr\u00e8s avoir re\u00e7u les louanges de son confr\u00e8re Joanny Moulin, sp\u00e9cialis\u00e9 dans la d\u00e9fense de l\u2019enfance en danger, Nora Preziosi a ensuite dessin\u00e9, \u00e0 travers son discours, la trame d\u2019un programme municipal\u00a0: s\u00e9curit\u00e9 et sant\u00e9 mentale, logement, \u00e9galit\u00e9 des chances. \u00ab\u00a0Je n\u2019ai jamais trich\u00e9 avec ces valeurs, elles nourrissent mon action politique\u00a0\u00bb, a-t-elle assur\u00e9.<\/p>\n<p>Vers une candidature \u00e0 la mairie de Marseille\u00a0?<\/p>\n<p>Une minute de silence a \u00e9t\u00e9 observ\u00e9e \u00e0 la m\u00e9moire d\u2019<a href=\"https:\/\/www.laprovence.com\/article\/faits-divers-justice\/6545488871907114\/deux-poids-deux-mesures-climat-de-tension-ces-musulmans-reagissent-apres-l-attaque-islamophobe-dans-le-gard\" target=\"_blank\" rel=\"noopener\">Aboubakar, ce jeune fid\u00e8le assassin\u00e9 dans une mosqu\u00e9e du Gard.<\/a> Puis Nora Preziosi a fustig\u00e9 ceux qui s\u2019en prennent \u00ab\u00a0\u00e0 une femme musulmane voil\u00e9e\u00a0\u00bb, \u00ab\u00a0\u00e0 un homme juif qui porte la kippa\u00a0\u00bb ou encore \u00ab\u00a0aux mairies qui exposent une cr\u00e8che de No\u00ebl\u00a0\u00bb pour mieux souligner son identit\u00e9 de \u00ab\u00a0r\u00e9publicaine\u00a0\u00bb, \u00ab\u00a0d\u00e9mocrate\u00a0\u00bb et \u00ab\u00a0ind\u00e9pendante\u00a0\u00bb.<\/p>\n<p>\u00ab\u00a0Je veux mettre toute mon exp\u00e9rience au service des Marseillais et assurer leur avenir. Mon souhait c\u2019est d\u2019\u00e9viter que Marseille ne tombe entre les mains des extr\u00eames\u00a0\u00bb, a-t-elle lanc\u00e9. Sur le chemin d\u2019une candidature \u00e0 la mairie de Marseille, malgr\u00e9 les \u00ab\u00a0emb\u00fbches\u00a0\u00bb d\u00e9crites par son ami, Me Moulin\u00a0?<\/p>\n","protected":false},"excerpt":{"rendered":"Apr\u00e8s une r\u00e9union de lancement dans les quartiers Nord, direction l\u2019est de Marseille pour la conseill\u00e8re d\u00e9partementale (SE)&hellip;\n","protected":false},"author":2,"featured_media":63897,"comment_status":"","ping_status":"","sticky":false,"template":"","format":"standard","meta":{"footnotes":""},"categories":[2814],"tags":[17,1111,11,16266,9705,5949,1777,674,1011,27,884,12,16264,16265,882,25,16263,2407],"class_list":{"0":"post-63896","1":"post","2":"type-post","3":"status-publish","4":"format-standard","5":"has-post-thumbnail","7":"category-marseille","8":"tag-17","9":"tag-actu","10":"tag-actualites","11":"tag-amis","12":"tag-compte","13":"tag-elections","14":"tag-eu","15":"tag-europe","16":"tag-fr","17":"tag-france","18":"tag-marseille","19":"tag-news","20":"tag-nora","21":"tag-preziosi","22":"tag-provence-alpes-cote-dazur","23":"tag-republique-francaise","24":"tag-saint-marcel","25":"tag-ses"},"share_on_mastodon":{"url":"https:\/\/pubeurope.com\/@fr\/114425930938107732","error":""},"_links":{"self":[{"href":"https:\/\/www.europesays.com\/fr\/wp-json\/wp\/v2\/posts\/63896","targetHints":{"allow":["GET"]}}],"collection":[{"href":"https:\/\/www.europesays.com\/fr\/wp-json\/wp\/v2\/posts"}],"about":[{"href":"https:\/\/www.europesays.com\/fr\/wp-json\/wp\/v2\/types\/post"}],"author":[{"embeddable":true,"href":"https:\/\/www.europesays.com\/fr\/wp-json\/wp\/v2\/users\/2"}],"replies":[{"embeddable":true,"href":"https:\/\/www.europesays.com\/fr\/wp-json\/wp\/v2\/comments?post=63896"}],"version-history":[{"count":0,"href":"https:\/\/www.europesays.com\/fr\/wp-json\/wp\/v2\/posts\/63896\/revisions"}],"wp:featuredmedia":[{"embeddable":true,"href":"https:\/\/www.europesays.com\/fr\/wp-json\/wp\/v2\/media\/63897"}],"wp:attachment":[{"href":"https:\/\/www.europesays.com\/fr\/wp-json\/wp\/v2\/media?parent=63896"}],"wp:term":[{"taxonomy":"category","embeddable":true,"href":"https:\/\/www.europesays.com\/fr\/wp-json\/wp\/v2\/categories?post=63896"},{"taxonomy":"post_tag","embeddable":true,"href":"https:\/\/www.europesays.com\/fr\/wp-json\/wp\/v2\/tags?post=63896"}],"curies":[{"name":"wp","href":"https:\/\/api.w.org\/{rel}","templated":true}]}}