{"id":638970,"date":"2026-01-03T20:05:17","date_gmt":"2026-01-03T20:05:17","guid":{"rendered":"https:\/\/www.europesays.com\/fr\/638970\/"},"modified":"2026-01-03T20:05:17","modified_gmt":"2026-01-03T20:05:17","slug":"la-russie-exhorte-les-etats-unis-a-liberer-le-chef-detat-venezuelien-et-sa-femme","status":"publish","type":"post","link":"https:\/\/www.europesays.com\/fr\/638970\/","title":{"rendered":"la Russie \u00ab\u00a0exhorte\u00a0\u00bb les \u00c9tats-Unis \u00e0 lib\u00e9rer le chef d&rsquo;\u00c9tat v\u00e9n\u00e9zu\u00e9lien et sa femme"},"content":{"rendered":"<p>La Russie a demand\u00e9 ce samedi 3 janvier aux \u00c9tats-Unis de \u00ab\u00a0lib\u00e9rer\u00a0\u00bb le pr\u00e9sident Nicol\u00e1s Maduro et son \u00e9pouse.<\/p>\n<p>Moscou a \u00ab\u00a0exhort\u00e9\u00a0\u00bb samedi 3 janvier les \u00c9tats-Unis \u00e0 lib\u00e9rer le pr\u00e9sident v\u00e9n\u00e9zu\u00e9lien Nicol\u00e1s Maduro et son \u00e9pouse apr\u00e8s <a href=\"https:\/\/www.bfmtv.com\/international\/amerique-latine\/direct-venezuela-des-explosions-entendues-caracas-denonce-la-tres-grave-agression-militaire-des-etats-unis_LN-202601030120.html\" title=\"DIRECT. Venezuela: Emmanuel Macron affirme que les V\u00e9n\u00e9zu\u00e9liens sont &quot;d\u00e9barrass\u00e9s de la dictature Maduro&quot; et ne peuvent &quot;que se r\u00e9jouir&quot;\" class=\"internal_link\" target=\"_blank\" rel=\"noopener\">l&rsquo;annonce par Washington de la capture du couple<\/a> plus t\u00f4t dans la journ\u00e9e.<\/p>\n<blockquote class=\"embed embed_quote\"><p>\u00ab\u00a0Nous exhortons les autorit\u00e9s am\u00e9ricaines \u00e0 reconsid\u00e9rer cette position et \u00e0 lib\u00e9rer le pr\u00e9sident l\u00e9galement \u00e9lu d&rsquo;un pays souverain ainsi que son \u00e9pouse\u00a0\u00bb, a d\u00e9clar\u00e9 le minist\u00e8re russe des Affaires \u00e9trang\u00e8res dans un communiqu\u00e9.<\/p><\/blockquote>\n<p>Le chef de la diplomatie russe Sergue\u00ef Lavrov a r\u00e9it\u00e9r\u00e9 le soutien de Moscou \u00e0 Caracas, son alli\u00e9 principal en Am\u00e9rique du Sud, dans un entretien par t\u00e9l\u00e9phone avec la vice-pr\u00e9sidente du Venezuela Delcy Rodriguez, a indiqu\u00e9 le minist\u00e8re des Affaires \u00e9trang\u00e8res dans un communiqu\u00e9.<\/p>\n<p>Plus t\u00f4t dans la journ\u00e9e, le <strong><a href=\"https:\/\/www.bfmtv.com\/international\/europe\/ukraine\/l-armee-russe-a-realise-en-2025-sa-plus-importante-avancee-depuis-la-premiere-annee-de-la-guerre-en-ukraine_AD-202601020419.html\" title=\"L&#039;arm\u00e9e russe a r\u00e9alis\u00e9 en 2025 sa plus importante avanc\u00e9e depuis la premi\u00e8re ann\u00e9e de la guerre en Ukraine\" class=\"internal_link\" target=\"_blank\" rel=\"noopener\">gouvernement russe<\/a><\/strong> a condamn\u00e9 l&rsquo;attaque am\u00e9ricaine contre le Venezuela, estimant que \u00ab\u00a0l&rsquo;hostilit\u00e9 id\u00e9ologique\u00a0\u00bb avait pr\u00e9valu sur la diplomatie.<\/p>\n<p>Le pr\u00e9sident am\u00e9ricain Donald Trump a annonc\u00e9 plus t\u00f4t dans la journ\u00e9e que les forces am\u00e9ricaines avait captur\u00e9 et exfiltr\u00e9 le couple Maduro apr\u00e8s une \u00ab\u00a0attaque de grande envergure\u00a0\u00bb contre le pays. Il a affirm\u00e9 qu&rsquo;ils se trouvaient \u00e0 bord d&rsquo;un navire pour \u00eatre amen\u00e9s \u00e0 New York, o\u00f9 ils sont poursuivis notamment pour \u00ab\u00a0narcoterrorisme\u00a0\u00bb, selon une pr\u00e9c\u00e9dente d\u00e9claration de la ministre am\u00e9ricaine de la Justice, Pam Bondi.<\/p>\n<p>\u00ab\u00a0Solidarit\u00e9 avec le peuple v\u00e9n\u00e9zu\u00e9lien\u00a0\u00bb<\/p>\n<p>\u00ab\u00a0Ce matin, les Etats-Unis ont commis un acte d&rsquo;agression arm\u00e9e contre le Venezuela. Ceci est profond\u00e9ment inqui\u00e9tant et condamnable. Les pr\u00e9textes utilis\u00e9s pour justifier de telles actions sont intenables\u00a0\u00bb, avait d\u00e9nonc\u00e9 le minist\u00e8re russe des Affaires \u00e9trang\u00e8res dans un communiqu\u00e9.<\/p>\n<p>La Russie a dit \u00ab\u00a0r\u00e9affirmer\u00a0\u00bb sa \u00ab\u00a0solidarit\u00e9 avec le peuple v\u00e9n\u00e9zu\u00e9lien\u00a0\u00bb, sans toutefois faire une offre d&rsquo;assistance avec le pays avec qui elle est alli\u00e9e.<\/p>\n","protected":false},"excerpt":{"rendered":"La Russie a demand\u00e9 ce samedi 3 janvier aux \u00c9tats-Unis de \u00ab\u00a0lib\u00e9rer\u00a0\u00bb le pr\u00e9sident Nicol\u00e1s Maduro et son&hellip;\n","protected":false},"author":2,"featured_media":336192,"comment_status":"","ping_status":"","sticky":false,"template":"","format":"standard","meta":{"footnotes":""},"categories":[1591],"tags":[11,1887,12,1885,1886,132],"class_list":{"0":"post-638970","1":"post","2":"type-post","3":"status-publish","4":"format-standard","5":"has-post-thumbnail","7":"category-russie","8":"tag-actualites","9":"tag-federation-de-russie","10":"tag-news","11":"tag-russia","12":"tag-russian-federation","13":"tag-russie"},"share_on_mastodon":{"url":"https:\/\/pubeurope.com\/@fr\/115832968067528913","error":""},"_links":{"self":[{"href":"https:\/\/www.europesays.com\/fr\/wp-json\/wp\/v2\/posts\/638970","targetHints":{"allow":["GET"]}}],"collection":[{"href":"https:\/\/www.europesays.com\/fr\/wp-json\/wp\/v2\/posts"}],"about":[{"href":"https:\/\/www.europesays.com\/fr\/wp-json\/wp\/v2\/types\/post"}],"author":[{"embeddable":true,"href":"https:\/\/www.europesays.com\/fr\/wp-json\/wp\/v2\/users\/2"}],"replies":[{"embeddable":true,"href":"https:\/\/www.europesays.com\/fr\/wp-json\/wp\/v2\/comments?post=638970"}],"version-history":[{"count":0,"href":"https:\/\/www.europesays.com\/fr\/wp-json\/wp\/v2\/posts\/638970\/revisions"}],"wp:featuredmedia":[{"embeddable":true,"href":"https:\/\/www.europesays.com\/fr\/wp-json\/wp\/v2\/media\/336192"}],"wp:attachment":[{"href":"https:\/\/www.europesays.com\/fr\/wp-json\/wp\/v2\/media?parent=638970"}],"wp:term":[{"taxonomy":"category","embeddable":true,"href":"https:\/\/www.europesays.com\/fr\/wp-json\/wp\/v2\/categories?post=638970"},{"taxonomy":"post_tag","embeddable":true,"href":"https:\/\/www.europesays.com\/fr\/wp-json\/wp\/v2\/tags?post=638970"}],"curies":[{"name":"wp","href":"https:\/\/api.w.org\/{rel}","templated":true}]}}