{"id":638973,"date":"2026-01-03T20:07:14","date_gmt":"2026-01-03T20:07:14","guid":{"rendered":"https:\/\/www.europesays.com\/fr\/638973\/"},"modified":"2026-01-03T20:07:14","modified_gmt":"2026-01-03T20:07:14","slug":"apres-la-capture-de-maduro-les-etats-unis-vont-diriger-le-venezuela-dici-une-transition-sure-affirme-trump","status":"publish","type":"post","link":"https:\/\/www.europesays.com\/fr\/638973\/","title":{"rendered":"Apr\u00e8s la capture de Maduro, les \u00c9tats-Unis vont \u00ab\u00a0diriger\u00a0\u00bb le Venezuela d&rsquo;ici une \u00ab\u00a0transition s\u00fbre\u00a0\u00bb, affirme Trump"},"content":{"rendered":"<ul class=\"jsx-862013697 ArticleChapo__List\">\n<li class=\"jsx-862013697 ArticleChapo__List_Item flex\">Le dirigeant v\u00e9n\u00e9zu\u00e9lien Nicolas Maduro et son \u00e9pouse ont \u00e9t\u00e9 captur\u00e9s et exfiltr\u00e9s du pays pendant la nuit, par les forces am\u00e9ricaines.<\/li>\n<li class=\"jsx-862013697 ArticleChapo__List_Item flex\">Donald Trump, qui s&rsquo;est f\u00e9licit\u00e9 d&rsquo;un \u00ab\u00a0assaut spectaculaire\u00a0\u00bb, a annonc\u00e9 que les \u00c9tats-Unis allaient prendre les r\u00eanes du pays, en attendant une \u00ab\u00a0transition\u00a0\u00bb politique.<\/li>\n<li class=\"jsx-862013697 ArticleChapo__List_Item flex\">Il est toutefois rest\u00e9 flou sur l&rsquo;organisation concr\u00e8te de ce passage \u00e0 un nouveau pouvoir.<\/li>\n<\/ul>\n<p><a href=\"https:\/\/www.tf1info.fr\/actualite\/donald-trump-met-une-pression-maximale-sur-le-venezuela-de-nicolas-maduro-14469\/\" rel=\"noopener\" class=\"jsx-484472199 Link jsx-1428418400 jsx-554215408\" target=\"_blank\"><\/p>\n<p style=\"font-weight:400\" class=\"jsx-1837267516\">Suivez la couverture compl\u00e8te<\/p>\n<p style=\"font-weight:800\" class=\"jsx-1837267516\">Nicol\u00e1s Maduro captur\u00e9 par les \u00c9tats-Unis<\/p>\n<p><\/a><\/p>\n<p data-module=\"article-paragraph\" class=\"jsx-157965717 Paragraph\">En quelques heures seulement, le Venezuela a bascul\u00e9 dans l&rsquo;inconnu. Les forces am\u00e9ricaines ont<a href=\"https:\/\/www.tf1info.fr\/international\/nicolas-maduro-et-sa-femme-captures-par-les-etats-unis-et-exfiltres-du-venezuela-annonce-donald-trump-2416408.html\" target=\"_blank\" rel=\"noopener\"> captur\u00e9 et exfiltr\u00e9 son dirigeant Nicolas Maduro ainsi que son \u00e9pouse (nouvelle fen\u00eatre)<\/a> dans la nuit de vendredi 2 \u00e0 samedi 3 janvier, a annonc\u00e9 le pr\u00e9sident am\u00e9ricain Donald Trump. Le couple pr\u00e9sidentiel sera jug\u00e9 aux \u00c9tats-Unis <a href=\"https:\/\/www.tf1info.fr\/international\/photo-nicolas-maduro-menotte-donald-trump-publie-une-image-du-dictateur-du-venezuela-sur-son-reseau-truth-social-un-masque-sur-les-yeux-2416455.html\" target=\"_blank\" rel=\"noopener\">pour \u00ab\u00a0narcoterrorisme\u00a0\u00bb (nouvelle fen\u00eatre)<\/a>. En attendant, Washington va \u00ab\u00a0diriger\u00a0\u00bb le pays jusqu&rsquo;\u00e0 ce qu&rsquo;une transition politique \u00ab\u00a0s\u00fbre\u00a0\u00bb puisse avoir lieu apr\u00e8s cet \u00ab\u00a0assaut spectaculaire\u00a0\u00bb, a-t-il annonc\u00e9 lors d&rsquo;une conf\u00e9rence de presse en Floride.\u00a0<\/p>\n<p data-module=\"article-paragraph\" class=\"jsx-157965717 Paragraph Paragraph__End\">\u00ab\u00a0Nous allons diriger le pays jusqu&rsquo;\u00e0 ce que nous puissions proc\u00e9der \u00e0 une transition s\u00fbre, appropri\u00e9e et judicieuse\u00a0\u00bb, a-t-il lanc\u00e9. \u00ab\u00a0La dictature de Maduro est termin\u00e9e au Venezuela, le peuple est libre ! libre ! (&#8230;) Le Venezuela est un pays plus fier, plus s\u00fbr\u00a0\u00bb, a encore clam\u00e9 le chef de la Maison-Blanche. Tout en ajoutant que les \u00c9tats-Unis \u00e9taient pr\u00eats \u00e0 lancer \u00ab\u00a0une seconde attaque plus importante si besoin\u00a0\u00bb, et ne pas avoir \u00ab\u00a0peur d&rsquo;envoyer des troupes sur le terrain si besoin\u00a0\u00bb.\u00a0<\/p>\n<p>La vice-pr\u00e9sidente v\u00e9n\u00e9zu\u00e9lienne \u00ab\u00a0pr\u00eate\u00a0\u00bb \u00e0 coop\u00e9rer, selon lui <\/p>\n<p data-module=\"article-paragraph\" class=\"jsx-157965717 Paragraph\">Donald Trump est rest\u00e9 particuli\u00e8rement flou sur les modalit\u00e9s concr\u00e8tes de cette gestion. Apr\u00e8s avoir affirm\u00e9 un peu plus t\u00f4t que Washington ne laisserait aucune personnalit\u00e9 du r\u00e9gime v\u00e9n\u00e9zu\u00e9lien succ\u00e9der <a href=\"https:\/\/www.tf1info.fr\/international\/frappes-americaines-au-venezuela-pourquoi-trump-fait-un-coup-double-avec-la-capture-de-maduro-2416444.html\" target=\"_blank\" rel=\"noopener\">\u00e0 Nicolas Maduro (nouvelle fen\u00eatre)<\/a>, il a finalement ouvert la porte \u00e0 une collaboration avec les responsables toujours en poste. Il a notamment affirm\u00e9 que la vice-pr\u00e9sidente du Venezuela, Delcy Rodriguez, a d\u00e9clar\u00e9 au secr\u00e9taire d&rsquo;\u00c9tat am\u00e9ricain Marco Rubio \u00eatre \u00ab\u00a0pr\u00eate\u00a0\u00bb \u00e0 coop\u00e9rer, \u00ab\u00a0\u00e0 faire ce que nous estimons n\u00e9cessaire pour que cela marche\u00a0\u00bb.\u00a0<\/p>\n<p data-module=\"article-paragraph\" class=\"jsx-157965717 Paragraph Paragraph__End\">Quant \u00e0 la prix Nobel de la paix et cheffe de l&rsquo;opposition v\u00e9n\u00e9zu\u00e9lienne <a href=\"https:\/\/www.tf1info.fr\/international\/en-images-photos-l-opposante-venezuelienne-machado-reapparait-a-oslo-pour-son-nobel-de-la-paix-apres-un-an-de-clandestinite-2412098.html\" target=\"_blank\" rel=\"noopener\">Maria Corina Machado (nouvelle fen\u00eatre)<\/a>, elle ne \u00ab\u00a0b\u00e9n\u00e9ficie ni du soutien ni du respect\u00a0\u00bb n\u00e9cessaires pour gouverner son pays, a-t-il balay\u00e9, alors m\u00eame qu&rsquo;elle faisait jusqu&rsquo;alors <a href=\"https:\/\/www.tf1info.fr\/international\/venezuela-maria-corina-machado-liberee-apres-avoir-ete-retenue-de-force-selon-l-opposition-le-gouvernement-dement-2343977.html\" target=\"_blank\" rel=\"noopener\">figure d&rsquo;alli\u00e9e de la Maison-Blanche (nouvelle fen\u00eatre)<\/a>. Il a ajout\u00e9 que les \u00c9tats-Unis n&rsquo;avaient pas eu de contact avec elle. De mani\u00e8re g\u00e9n\u00e9rale, les responsables am\u00e9ricains \u00ab\u00a0vont travailler avec les V\u00e9n\u00e9zu\u00e9liens pour en faire un pays qui soit correctement dirig\u00e9\u00a0\u00bb, a-t-il martel\u00e9, assurant qu&rsquo;il n&rsquo;y aurait \u00ab\u00a0aucun risque que Maduro revienne\u00a0\u00bb.\u00a0<\/p>\n<p>Les compagnies p\u00e9troli\u00e8res autoris\u00e9es \u00e0 exploiter le p\u00e9trole v\u00e9n\u00e9zu\u00e9lien<\/p>\n<p data-module=\"article-paragraph\" class=\"jsx-157965717 Paragraph Paragraph__End\">Donald Trump a par ailleurs annonc\u00e9 qu&rsquo;il autoriserait les compagnies p\u00e9troli\u00e8res am\u00e9ricaines \u00e0 se rendre au Venezuela pour exploiter ses r\u00e9serves de brut, ajoutant que <a href=\"https:\/\/www.tf1info.fr\/international\/etats-unis-donald-trump-impose-un-blocus-total-contre-les-petroliers-sous-sanctions-du-venezuela-de-nicolas-maduro-2413253.html\" target=\"_blank\" rel=\"noopener\">l&#8217;embargo am\u00e9ricain sur le p\u00e9trole v\u00e9n\u00e9zu\u00e9lien (nouvelle fen\u00eatre)<\/a> restait en vigueur. \u00ab\u00a0Nos tr\u00e8s grandes compagnies p\u00e9troli\u00e8res am\u00e9ricaines, les plus importantes au monde, vont se rendre sur place, d\u00e9penser des milliards de dollars, r\u00e9parer les infrastructures gravement endommag\u00e9es (&#8230;) et commencer \u00e0 g\u00e9n\u00e9rer des revenus pour le pays\u00a0\u00bb, a-t-il assur\u00e9, promettant de \u00ab\u00a0faire de l&rsquo;argent\u00a0\u00bb.\u00a0<\/p>\n<p><a href=\"https:\/\/www.tf1info.fr\/international\/attaque-venezuela-apres-la-chute-de-maduro-l-inquietude-regne-a-caracas-2416452.html\" rel=\"noopener\" class=\"jsx-3308031228 Link flex\" target=\"_blank\"><img decoding=\"async\" src=\"https:\/\/www.europesays.com\/fr\/wp-content\/uploads\/2026\/01\/caracas-venezuela-pro-maduro-3-1-2026-bcee84-0@1x.jpeg\" alt=\"Des habitants de Caracas demande la lib\u00e9ration de Nicolas Maduro, le 3 janvier 2026.\" loading=\"lazy\" importance=\"low\" fetchpriority=\"low\" class=\"\" aria-hidden=\"true\"\/><\/p>\n<p class=\"jsx-3657663356 ReadMoreArticle__Title\">Lire aussi<\/p>\n<p class=\"jsx-3657663356\">\u00ab\u00a0C&rsquo;est la peur qui tient les V\u00e9n\u00e9zu\u00e9liens pour le moment\u00a0\u00bb : apr\u00e8s la chute de Maduro, l&rsquo;inqui\u00e9tude r\u00e8gne \u00e0 Caracas<\/p>\n<p><\/a><\/p>\n<p data-module=\"article-paragraph\" class=\"jsx-157965717 Paragraph\">\u00c0 plusieurs reprises pendant la conf\u00e9rence de presse, il a aussi accus\u00e9 les autorit\u00e9s v\u00e9n\u00e9zu\u00e9liennes d&rsquo;avoir \u00ab\u00a0vol\u00e9 des actifs am\u00e9ricains\u00a0\u00bb et du \u00ab\u00a0p\u00e9trole\u00a0\u00bb dont <a href=\"https:\/\/www.tf1info.fr\/international\/etats-unis-donald-trump-impose-un-blocus-total-contre-les-petroliers-sous-sanctions-du-venezuela-de-nicolas-maduro-2413253.html\" target=\"_blank\" rel=\"noopener\">les entreprises de son pays (nouvelle fen\u00eatre)<\/a> auraient d\u00fb tirer profit selon lui. Il a ainsi promis d&rsquo;extraire des \u00ab\u00a0richesses formidables du sol\u00a0\u00bb, qui seront \u00ab\u00a0rendues aux V\u00e9n\u00e9zu\u00e9liens\u00a0\u00bb, \u00e0 ceux qui auraient fui \u00ab\u00a0hors du pays\u00a0\u00bb sous le pouvoir de Nicolas Maduro, ainsi qu&rsquo;aux \u00ab\u00a0\u00c9tats-Unis, sous forme de remboursement pour les dommages caus\u00e9s\u00a0\u00bb.\u00a0Le Venezuela poss\u00e8de les r\u00e9serves prouv\u00e9es de p\u00e9trole les plus importantes au monde, mais il est loin de figurer parmi les principaux producteurs.\u00a0<\/p>\n<p data-module=\"article-paragraph\" class=\"jsx-157965717 Paragraph Paragraph__End\">\u00ab\u00a0Vous allez conna\u00eetre la paix, la prosp\u00e9rit\u00e9, avoir acc\u00e8s \u00e0 beaucoup de richesses que vous auriez d\u00fb avoir depuis bien longtemps\u00a0\u00bb, a-t-il d\u00e9clar\u00e9 \u00e0 l&rsquo;adresse de la population v\u00e9n\u00e9zu\u00e9lienne, sans d\u00e9tailler pr\u00e9cis\u00e9ment comment. Interrog\u00e9 sur la dur\u00e9e de cette gestion am\u00e9ricaine, il a dit vouloir que les choses \u00ab\u00a0aillent vite\u00a0\u00bb, tout en conc\u00e9dant qu'\u00a0\u00bbil faut du temps pour reconstruire ce pays\u00a0\u00bb, un \u00ab\u00a0territoire ravag\u00e9\u00a0\u00bb.\u00a0<\/p>\n<p>M.L. avec AFP<\/p>\n","protected":false},"excerpt":{"rendered":"Le dirigeant v\u00e9n\u00e9zu\u00e9lien Nicolas Maduro et son \u00e9pouse ont \u00e9t\u00e9 captur\u00e9s et exfiltr\u00e9s du pays pendant la nuit,&hellip;\n","protected":false},"author":2,"featured_media":638974,"comment_status":"","ping_status":"","sticky":false,"template":"","format":"standard","meta":{"footnotes":""},"categories":[1589],"tags":[1111,11,1921,5925,75,73,1866,1922,12,338,74601,8200,2543,1864,1865,1863,308,337,133,1920],"class_list":{"0":"post-638973","1":"post","2":"type-post","3":"status-publish","4":"format-standard","5":"has-post-thumbnail","7":"category-etats-unis","8":"tag-actu","9":"tag-actualites","10":"tag-article-video","11":"tag-conflits-et-guerre","12":"tag-donald-trump","13":"tag-etats-unis","14":"tag-etats-unis-damerique","15":"tag-info","16":"tag-news","17":"tag-nicolas-maduro","18":"tag-nicolas-maduro-capture-par-les-etats-unis","19":"tag-politique-et-crise-dun-pays-etranger","20":"tag-relations-internationales","21":"tag-united-states","22":"tag-united-states-of-america","23":"tag-us","24":"tag-usa","25":"tag-venezuela","26":"tag-video","27":"tag-video-international"},"share_on_mastodon":{"url":"https:\/\/pubeurope.com\/@fr\/115832976037315975","error":""},"_links":{"self":[{"href":"https:\/\/www.europesays.com\/fr\/wp-json\/wp\/v2\/posts\/638973","targetHints":{"allow":["GET"]}}],"collection":[{"href":"https:\/\/www.europesays.com\/fr\/wp-json\/wp\/v2\/posts"}],"about":[{"href":"https:\/\/www.europesays.com\/fr\/wp-json\/wp\/v2\/types\/post"}],"author":[{"embeddable":true,"href":"https:\/\/www.europesays.com\/fr\/wp-json\/wp\/v2\/users\/2"}],"replies":[{"embeddable":true,"href":"https:\/\/www.europesays.com\/fr\/wp-json\/wp\/v2\/comments?post=638973"}],"version-history":[{"count":0,"href":"https:\/\/www.europesays.com\/fr\/wp-json\/wp\/v2\/posts\/638973\/revisions"}],"wp:featuredmedia":[{"embeddable":true,"href":"https:\/\/www.europesays.com\/fr\/wp-json\/wp\/v2\/media\/638974"}],"wp:attachment":[{"href":"https:\/\/www.europesays.com\/fr\/wp-json\/wp\/v2\/media?parent=638973"}],"wp:term":[{"taxonomy":"category","embeddable":true,"href":"https:\/\/www.europesays.com\/fr\/wp-json\/wp\/v2\/categories?post=638973"},{"taxonomy":"post_tag","embeddable":true,"href":"https:\/\/www.europesays.com\/fr\/wp-json\/wp\/v2\/tags?post=638973"}],"curies":[{"name":"wp","href":"https:\/\/api.w.org\/{rel}","templated":true}]}}