{"id":638975,"date":"2026-01-03T20:08:31","date_gmt":"2026-01-03T20:08:31","guid":{"rendered":"https:\/\/www.europesays.com\/fr\/638975\/"},"modified":"2026-01-03T20:08:31","modified_gmt":"2026-01-03T20:08:31","slug":"deux-intrusions-dans-la-demeure-de-william-et-kate","status":"publish","type":"post","link":"https:\/\/www.europesays.com\/fr\/638975\/","title":{"rendered":"Deux intrusions dans la demeure de William et Kate"},"content":{"rendered":"<p>Derek Egan est un r\u00e9cidiviste. Ce Britannique de 39 ans a \u00e9t\u00e9 interpell\u00e9 \u00e0 deux reprises apr\u00e8s s\u2019\u00eatre introduit dans les jardins du palais de Kensington, r\u00e9sidence londonienne du <a target=\"_blank\" href=\"https:\/\/www.pointdevue.fr\/grand-angle\/biographies\/prince-william\" rel=\"noopener\">prince<\/a> et de la <a target=\"_blank\" href=\"https:\/\/www.pointdevue.fr\/grand-angle\/biographies\/kate-middleton\" rel=\"noopener\">princesse de Galles<\/a>. Ses derniers \u00e9taient absents au moment des faits. Sa premi\u00e8re arrestation a eu lieu le 21 d\u00e9cembre. L\u2019homme, qui portait un lourd sac \u00e0 dos, aurait escalad\u00e9 les grilles prot\u00e9geant le palais avant d\u2019\u00eatre rep\u00e9r\u00e9 par les cam\u00e9ras de s\u00e9curit\u00e9 une fois \u00e0 l\u2019int\u00e9rieur.<\/p>\n<p><img decoding=\"async\" src=\"https:\/\/www.europesays.com\/fr\/wp-content\/uploads\/2026\/01\/ABACA_907500_007aQeo6QecMr.jpg\" alt=\"Les grilles de l'entr\u00e9e du palais de Kensington.\"\/><strong>Les grilles de l&rsquo;entr\u00e9e du palais de Kensington.<\/strong> \u00a9 Mischa Schoemaker\/ABACA<\/p>\n<p>Arr\u00eat\u00e9 puis lib\u00e9r\u00e9 sous caution, il a r\u00e9it\u00e9r\u00e9 son effraction le 23 d\u00e9cembre et a de nouveau \u00e9t\u00e9 interpell\u00e9. Il aurait plaid\u00e9 coupable des deux chefs d\u2019accusation et il a comparu le soir du Nouvel An. Il sera jug\u00e9 dans les prochains jours. Selon l\u2019ancien chef du service de la police m\u00e9tropolitaine charg\u00e9 de la protection des membres de la famille royale, Dai Davies, interrog\u00e9 par le quotidien The Sun, la situation est inqui\u00e9tante : \u00ab\u00a0Le fait qu\u2019il ait r\u00e9cidiv\u00e9 apr\u00e8s avoir \u00e9t\u00e9 lib\u00e9r\u00e9 sous caution, compte tenu de la nature des faits, est tr\u00e8s pr\u00e9occupant.\u00a0\u00bb<\/p>\n<p><img decoding=\"async\" src=\"https:\/\/www.europesays.com\/fr\/wp-content\/uploads\/2026\/01\/ABACA_907500_005CKtSUx3ySD.jpg\" alt=\"Les jardins du palais de Kensington.\"\/><strong>Les jardins du palais de Kensington.<\/strong> \u00a9 Mischa Schoemaker\/ABACA<\/p>\n<p>La mise en place d\u2019un p\u00e9rim\u00e8tre de six miles (environ 9,6 km) autour de Forest Lodge, la nouvelle demeure de William, Kate et de leurs enfants, <a target=\"_blank\" href=\"https:\/\/www.pointdevue.fr\/grand-angle\/biographies\/prince-george\" rel=\"noopener\">George<\/a>, <a target=\"_blank\" href=\"https:\/\/www.pointdevue.fr\/grand-angle\/biographies\/princesse-charlotte\" rel=\"noopener\">Charlotte<\/a> et <a target=\"_blank\" href=\"https:\/\/www.pointdevue.fr\/grand-angle\/biographies\/prince-louis\" rel=\"noopener\">Louis<\/a>, avait cr\u00e9\u00e9 une petite pol\u00e9mique. Apr\u00e8s cette intrusion, les menaces pesant sur la s\u00e9curit\u00e9 de la famille royale, <a target=\"_blank\" href=\"https:\/\/www.pointdevue.fr\/royal\/royaume-uni\/harry-un-pas-de-plus-vers-son-retour-en-angleterre\" rel=\"noopener\">r\u00e9guli\u00e8rement d\u00e9nonc\u00e9es<\/a> par le <a target=\"_blank\" href=\"https:\/\/www.pointdevue.fr\/grand-angle\/biographies\/prince-harry\" rel=\"noopener\">prince Harry<\/a>, apparaissent d\u00e9sormais comme une r\u00e9alit\u00e9.<\/p>\n<p>Lire aussi : <a target=\"_blank\" href=\"https:\/\/www.pointdevue.fr\/royal\/royaume-uni\/les-premieres-dates-de-lagenda-2026-de-william-et-kate\" rel=\"noopener\">Les premi\u00e8res dates de l\u2019agenda 2026 de William et Kate<\/a><\/p>\n","protected":false},"excerpt":{"rendered":"Derek Egan est un r\u00e9cidiviste. Ce Britannique de 39 ans a \u00e9t\u00e9 interpell\u00e9 \u00e0 deux reprises apr\u00e8s s\u2019\u00eatre&hellip;\n","protected":false},"author":2,"featured_media":638976,"comment_status":"","ping_status":"","sticky":false,"template":"","format":"standard","meta":{"footnotes":""},"categories":[1588],"tags":[11,1777,674,12,473,1853,1851,1850,1852],"class_list":{"0":"post-638975","1":"post","2":"type-post","3":"status-publish","4":"format-standard","5":"has-post-thumbnail","7":"category-royaume-uni","8":"tag-actualites","9":"tag-eu","10":"tag-europe","11":"tag-news","12":"tag-royaume-uni","13":"tag-royaume-uni-de-grande-bretagne-et-dirlande-du-nord","14":"tag-uk","15":"tag-united-kingdom","16":"tag-united-kingdom-of-great-britain-and-northern-ireland"},"share_on_mastodon":{"url":"https:\/\/pubeurope.com\/@fr\/115832979818930034","error":""},"_links":{"self":[{"href":"https:\/\/www.europesays.com\/fr\/wp-json\/wp\/v2\/posts\/638975","targetHints":{"allow":["GET"]}}],"collection":[{"href":"https:\/\/www.europesays.com\/fr\/wp-json\/wp\/v2\/posts"}],"about":[{"href":"https:\/\/www.europesays.com\/fr\/wp-json\/wp\/v2\/types\/post"}],"author":[{"embeddable":true,"href":"https:\/\/www.europesays.com\/fr\/wp-json\/wp\/v2\/users\/2"}],"replies":[{"embeddable":true,"href":"https:\/\/www.europesays.com\/fr\/wp-json\/wp\/v2\/comments?post=638975"}],"version-history":[{"count":0,"href":"https:\/\/www.europesays.com\/fr\/wp-json\/wp\/v2\/posts\/638975\/revisions"}],"wp:featuredmedia":[{"embeddable":true,"href":"https:\/\/www.europesays.com\/fr\/wp-json\/wp\/v2\/media\/638976"}],"wp:attachment":[{"href":"https:\/\/www.europesays.com\/fr\/wp-json\/wp\/v2\/media?parent=638975"}],"wp:term":[{"taxonomy":"category","embeddable":true,"href":"https:\/\/www.europesays.com\/fr\/wp-json\/wp\/v2\/categories?post=638975"},{"taxonomy":"post_tag","embeddable":true,"href":"https:\/\/www.europesays.com\/fr\/wp-json\/wp\/v2\/tags?post=638975"}],"curies":[{"name":"wp","href":"https:\/\/api.w.org\/{rel}","templated":true}]}}