{"id":638977,"date":"2026-01-03T20:09:14","date_gmt":"2026-01-03T20:09:14","guid":{"rendered":"https:\/\/www.europesays.com\/fr\/638977\/"},"modified":"2026-01-03T20:09:14","modified_gmt":"2026-01-03T20:09:14","slug":"allemagne-pres-de-50-000-menages-berlinois-prives-delectricite-pour-plusieurs-jours-suite-a-un-incendie-de-cables-electriques","status":"publish","type":"post","link":"https:\/\/www.europesays.com\/fr\/638977\/","title":{"rendered":"Allemagne\u00a0: pr\u00e8s de 50.000 m\u00e9nages berlinois priv\u00e9s d\u2019\u00e9lectricit\u00e9 pour plusieurs jours suite \u00e0 un incendie de c\u00e2bles \u00e9lectriques"},"content":{"rendered":"<p>Certains foyers pourraient \u00e9galement se retrouver sans chauffage, la panne ayant impact\u00e9 des r\u00e9seaux locaux, au moment m\u00eame o\u00f9 la capitale allemande est recouverte de neige et o\u00f9 les temp\u00e9ratures sont tr\u00e8s basses. Les services de secours ont \u00e9t\u00e9 alert\u00e9s t\u00f4t samedi matin de l\u2019incendie de plusieurs c\u00e2bles sur un pont, pr\u00e8s d\u2019une centrale \u00e9lectrique de la capitale allemande.\u00a0Les pompiers ont rapidement \u00e9teint le feu, mais environ 45.000 m\u00e9nages et 2200 entreprises du sud-ouest de Berlin se sont retrouv\u00e9s sans courant, selon l\u2019op\u00e9rateur du r\u00e9seau Stromnetz Berlin.<\/p>\n<p>Les importants d\u00e9g\u00e2ts entra\u00eeneront des coupures de courant pour environ 35.000 foyers jusqu\u2019\u00e0 jeudi apr\u00e8s-midi, ont indiqu\u00e9 les autorit\u00e9s berlinoises dans un communiqu\u00e9.<\/p>\n<p>Le courant devrait \u00eatre r\u00e9tabli \u00e0100% dimanche matin.<\/p>\n<p>L\u2019op\u00e9rateur Stromnetz Berlin a pr\u00e9venu que les r\u00e9parations \u00ab\u00a0prendront beaucoup de temps\u00a0\u00bb, les m\u00e9dias rapportant de leur c\u00f4t\u00e9 que le froid ralentit la pose de nouveaux c\u00e2bles souterrains.<\/p>\n<p>Les autorit\u00e9s avaient \u00e9galement suspect\u00e9 un acte criminel lorsqu\u2019un incendie avait touch\u00e9 des pyl\u00f4nes \u00e9lectriques \u00e0 Berlin en septembre, provoquant une importante coupure.<\/p>\n<p>Un groupe se disant antimilitariste avait alors revendiqu\u00e9 en ligne la responsabilit\u00e9 de l\u2019incendie.<\/p>\n<p>L\u2019Allemagne est en \u00e9tat d\u2019alerte maximale face aux activit\u00e9s de sabotage visant ses infrastructures, y compris de la part d\u2019acteurs \u00e9trangers tels que la Russie.<\/p>\n","protected":false},"excerpt":{"rendered":"Certains foyers pourraient \u00e9galement se retrouver sans chauffage, la panne ayant impact\u00e9 des r\u00e9seaux locaux, au moment m\u00eame&hellip;\n","protected":false},"author":2,"featured_media":638978,"comment_status":"","ping_status":"","sticky":false,"template":"","format":"standard","meta":{"footnotes":""},"categories":[1587],"tags":[11,672,1804,1805,1803,1777,674,1801,12,1802],"class_list":{"0":"post-638977","1":"post","2":"type-post","3":"status-publish","4":"format-standard","5":"has-post-thumbnail","7":"category-allemagne","8":"tag-actualites","9":"tag-allemagne","10":"tag-bundesrepublik-deutschland","11":"tag-de","12":"tag-deutschland","13":"tag-eu","14":"tag-europe","15":"tag-germany","16":"tag-news","17":"tag-republique-federale-dallemagne"},"share_on_mastodon":{"url":"https:\/\/pubeurope.com\/@fr\/115832983742819512","error":""},"_links":{"self":[{"href":"https:\/\/www.europesays.com\/fr\/wp-json\/wp\/v2\/posts\/638977","targetHints":{"allow":["GET"]}}],"collection":[{"href":"https:\/\/www.europesays.com\/fr\/wp-json\/wp\/v2\/posts"}],"about":[{"href":"https:\/\/www.europesays.com\/fr\/wp-json\/wp\/v2\/types\/post"}],"author":[{"embeddable":true,"href":"https:\/\/www.europesays.com\/fr\/wp-json\/wp\/v2\/users\/2"}],"replies":[{"embeddable":true,"href":"https:\/\/www.europesays.com\/fr\/wp-json\/wp\/v2\/comments?post=638977"}],"version-history":[{"count":0,"href":"https:\/\/www.europesays.com\/fr\/wp-json\/wp\/v2\/posts\/638977\/revisions"}],"wp:featuredmedia":[{"embeddable":true,"href":"https:\/\/www.europesays.com\/fr\/wp-json\/wp\/v2\/media\/638978"}],"wp:attachment":[{"href":"https:\/\/www.europesays.com\/fr\/wp-json\/wp\/v2\/media?parent=638977"}],"wp:term":[{"taxonomy":"category","embeddable":true,"href":"https:\/\/www.europesays.com\/fr\/wp-json\/wp\/v2\/categories?post=638977"},{"taxonomy":"post_tag","embeddable":true,"href":"https:\/\/www.europesays.com\/fr\/wp-json\/wp\/v2\/tags?post=638977"}],"curies":[{"name":"wp","href":"https:\/\/api.w.org\/{rel}","templated":true}]}}