{"id":63898,"date":"2025-04-30T08:18:13","date_gmt":"2025-04-30T08:18:13","guid":{"rendered":"https:\/\/www.europesays.com\/fr\/63898\/"},"modified":"2025-04-30T08:18:13","modified_gmt":"2025-04-30T08:18:13","slug":"en-tongs-au-volant-un-jeune-de-15-ans-a-lorigine-de-deux-accidents-pres-de-lyon","status":"publish","type":"post","link":"https:\/\/www.europesays.com\/fr\/63898\/","title":{"rendered":"En tongs au volant, un jeune de 15 ans \u00e0 l&rsquo;origine de deux accidents pr\u00e8s de Lyon"},"content":{"rendered":"<p>Un adolescent de 15 ans a percut\u00e9, en voiture, un utilitaire et le mur d&rsquo;une propri\u00e9t\u00e9 mardi 29 avril \u00e0 Charvieu-Chavagneux, pr\u00e8s de Lyon. En tongs au volant, il a d\u00e9clar\u00e9 avoir emprunt\u00e9 le v\u00e9hicule de sa grand-m\u00e8re.<\/p>\n<p>Plus de peur que de mal, mais une belle frayeur ce mardi 29 avril dans la commune is\u00e9roise de <b>Charvieu-Chavagneux<\/b>, pr\u00e8s de <b>Lyon<\/b>. Deux accidents impliquant un automobiliste sont survenus coup sur coup dans l&rsquo;apr\u00e8s-midi.\u00a0<\/p>\n<p>Au volant, un <b>adolescent de 15 ans<\/b> \u00e9quip\u00e9 de&#8230;<b>tongs<\/b>, selon <a class=\"url\" href=\"https:\/\/www.ledauphine.com\/faits-divers-justice\/2025\/04\/29\/a-15-ans-et-en-tongs-il-emprunte-la-voiture-de-sa-grand-mere-et-pulverise-le-mur-d-une-propriete-privee\" target=\"_blank\" rel=\"noopener\">Le Dauphin\u00e9 Lib\u00e9r\u00e9<\/a>. Incapable de ma\u00eetriser son v\u00e9hicule, il a d&rsquo;abord percut\u00e9 un utilitaire dans un rond-point avant de heurter le mur d&rsquo;une propri\u00e9t\u00e9.\u00a0<\/p>\n<p>La voiture de sa grand-m\u00e8re<\/p>\n<p>Le jeune conducteur, accompagn\u00e9 d&rsquo;un passager, a d\u00e9clar\u00e9 avoir emprunt\u00e9 la <b>voiture<\/b> de sa <b>grand-m\u00e8re<\/b>.<\/p>\n<p>Personne n&rsquo;a \u00e9t\u00e9 bless\u00e9.\u00a0<br \/>\u00a0<\/p>\n<p><img loading=\"lazy\" decoding=\"async\" src=\"https:\/\/www.europesays.com\/fr\/wp-content\/uploads\/2025\/04\/1746001093_855_img\" width=\"350\" height=\"200\" border=\"0\" title=\"L'A7 \u00c3\u00a0 hauteur du noeud de Saint-Fons\"\/><\/p>\n<p>\u25baTrafic<\/p>\n<p style=\"font-size: 22px;\"><b>Travaux sur l&rsquo;A7 au sud de Lyon : des fermetures annonc\u00e9es<\/b><\/p>\n<p>L&rsquo;autoroute A7 sera coup\u00e9e \u00e0 la circulation en&#8230;<\/p>\n<p><\/p>\n","protected":false},"excerpt":{"rendered":"Un adolescent de 15 ans a percut\u00e9, en voiture, un utilitaire et le mur d&rsquo;une propri\u00e9t\u00e9 mardi 29&hellip;\n","protected":false},"author":2,"featured_media":63899,"comment_status":"","ping_status":"","sticky":false,"template":"","format":"standard","meta":{"footnotes":""},"categories":[1889],"tags":[119,1111,11,2430,16267,1777,674,1011,27,15583,2428,12,25,16268,4752],"class_list":{"0":"post-63898","1":"post","2":"type-post","3":"status-publish","4":"format-standard","5":"has-post-thumbnail","7":"category-lyon","8":"tag-accident","9":"tag-actu","10":"tag-actualites","11":"tag-auvergne-rhone-alpes","12":"tag-charvieu-chavagneux","13":"tag-eu","14":"tag-europe","15":"tag-fr","16":"tag-france","17":"tag-isre","18":"tag-lyon","19":"tag-news","20":"tag-republique-francaise","21":"tag-vhicule","22":"tag-voiture"},"share_on_mastodon":{"url":"https:\/\/pubeurope.com\/@fr\/114425935254093930","error":""},"_links":{"self":[{"href":"https:\/\/www.europesays.com\/fr\/wp-json\/wp\/v2\/posts\/63898","targetHints":{"allow":["GET"]}}],"collection":[{"href":"https:\/\/www.europesays.com\/fr\/wp-json\/wp\/v2\/posts"}],"about":[{"href":"https:\/\/www.europesays.com\/fr\/wp-json\/wp\/v2\/types\/post"}],"author":[{"embeddable":true,"href":"https:\/\/www.europesays.com\/fr\/wp-json\/wp\/v2\/users\/2"}],"replies":[{"embeddable":true,"href":"https:\/\/www.europesays.com\/fr\/wp-json\/wp\/v2\/comments?post=63898"}],"version-history":[{"count":0,"href":"https:\/\/www.europesays.com\/fr\/wp-json\/wp\/v2\/posts\/63898\/revisions"}],"wp:featuredmedia":[{"embeddable":true,"href":"https:\/\/www.europesays.com\/fr\/wp-json\/wp\/v2\/media\/63899"}],"wp:attachment":[{"href":"https:\/\/www.europesays.com\/fr\/wp-json\/wp\/v2\/media?parent=63898"}],"wp:term":[{"taxonomy":"category","embeddable":true,"href":"https:\/\/www.europesays.com\/fr\/wp-json\/wp\/v2\/categories?post=63898"},{"taxonomy":"post_tag","embeddable":true,"href":"https:\/\/www.europesays.com\/fr\/wp-json\/wp\/v2\/tags?post=63898"}],"curies":[{"name":"wp","href":"https:\/\/api.w.org\/{rel}","templated":true}]}}