{"id":638989,"date":"2026-01-03T20:17:13","date_gmt":"2026-01-03T20:17:13","guid":{"rendered":"https:\/\/www.europesays.com\/fr\/638989\/"},"modified":"2026-01-03T20:17:13","modified_gmt":"2026-01-03T20:17:13","slug":"la-composition-de-toulon-pour-defier-la-rochelle-avec-du-sang-neuf","status":"publish","type":"post","link":"https:\/\/www.europesays.com\/fr\/638989\/","title":{"rendered":"La composition de Toulon pour d\u00e9fier La Rochelle avec du sang neuf !"},"content":{"rendered":"<p>Dimanche soir, le Rugby Club Toulonnais d\u00e9fiera le Stade Rochelais au Stade Marcel-Deflandre, dans le cadre de la 14\u00e8me journ\u00e9e du Top 14.<\/p>\n<p>Pour cette rencontre, le manager Toulonnais Pierre Mignoni va faire tourner son effectif.<\/p>\n<p>Ainsi, de nombreux internationaux sont laiss\u00e9s au repos.<\/p>\n<p>Rajoutez \u00e0 cela l\u2019absence de nombreux joueurs actuellement bless\u00e9s.<\/p>\n<p>Vous obtenez un groupe totalement remani\u00e9 pour pr\u00e9parer ce match contre les hommes de Ronan O\u2019Gara.<\/p>\n<p>Devant, L\u00e9o Ametlla va d\u00e9buter \u00e0 gauche avec Nikoloz Narmania \u00e0 droite et J\u00e9r\u00e9my Toevalu au talon.<\/p>\n<p>En seconde ligne, Corentin Mezou sera associ\u00e9 \u00e0 Giorgi Javakhia.<\/p>\n<p>En troisi\u00e8me ligne, Jules Coulons \u00e9voluera avec deux jeunes joueurs, \u00e0 savoir Noam Moreau en 7 et Jovan Sreckovic en 6.<\/p>\n<p>A la m\u00eal\u00e9e, Clovis Le Bail sera capitaine et associ\u00e9 \u00e0 Paolo Garbisi.<\/p>\n<p>Derri\u00e8re, Oliver Cowie et Mathieu Sma\u00efli formeront la paire de centre tandis que Rayan Rebbadj et Mat\u00e9o Gracieux seront align\u00e9s sur les ailes.<\/p>\n<p>Derri\u00e8re, Mathis Fert\u00e9.<\/p>\n<p>Sur le banc, d\u2019autres jeunes devraient \u00eatre utilis\u00e9s tels que Gil, M\u00e9chentel ou encore Sorhaindo.<\/p>\n<p><strong>Voici la composition du RCT pour d\u00e9fier La Rochelle :<\/strong><\/p>\n<p>1\/ L\u00e9o Ametlla<br \/>2\/ J\u00e9r\u00e9my Toevalu<br \/>3\/ Nikoloz Narmania<br \/>4\/ Corentin Mezou<br \/>5\/ Giorgi Javakhia<br \/>6\/ Jovan Sreckovic<br \/>7\/ Noam Moreau<br \/>8\/ Jules Coulon<br \/>9\/ Clovis Le Bail (cap.)<br \/>10\/ Paolo Garbisi<br \/>11\/ Matt\u00e9o Gracieux<br \/>12\/ Oliver Cowie<br \/>13\/ Mathieu Sma\u00efli<br \/>14\/ Rayan Rebbadj<br \/>15\/ Mathis Fert\u00e9<\/p>\n<p><strong>Les rempla\u00e7ants :\u00a0<\/strong><\/p>\n<p>16\/ Lohann Gil<br \/>17\/ Daniel Brennan<br \/>18\/ Brian Alainu\u2019Uese<br \/>19\/ Esteban Abadie<br \/>20\/ Ma\u2019a Nonu<br \/>21\/ Ben White<br \/>22\/ Barnab\u00e9 Mechentel<br \/>23\/ Owen Sorhaindo<\/p>\n<blockquote class=\"twitter-tweet\" data-width=\"550\" data-dnt=\"true\">\n<p lang=\"fr\" dir=\"ltr\">\u2694 \ud835\udc0b\ud835\udc00 \ud835\udc02\ud835\udc0e\ud835\udc0c\ud835\udc0f\ud835\udc0e \u2694 <\/p>\n<p>\ud83d\udd19Rebbadj de retour \u00e0 l&rsquo;aile<br \/>\ud83c\udd95Premi\u00e8re pour Moreau, Sreckovic et Gil<br \/>\ud83e\udee1  Le Bail capitaine<\/p>\n<p>Notre partenaire <a href=\"https:\/\/twitter.com\/hashtag\/Kingspan?src=hash&amp;ref_src=twsrc%5Etfw\" target=\"_blank\" rel=\"noopener\">#Kingspan<\/a> vous pr\u00e9sente les 2\ufe0f\u20e33\ufe0f\u20e3 \ud83d\udd34&amp;\u26ab pour cette quatorzi\u00e8me journ\u00e9e de Top14 !  <a href=\"https:\/\/twitter.com\/hashtag\/ParceQueToulon?src=hash&amp;ref_src=twsrc%5Etfw\" target=\"_blank\" rel=\"noopener\">#ParceQueToulon<\/a> <a href=\"https:\/\/twitter.com\/hashtag\/SRRCT?src=hash&amp;ref_src=twsrc%5Etfw\" target=\"_blank\" rel=\"noopener\">#SRRCT<\/a> <a href=\"https:\/\/t.co\/cfP3SxUpXd\">pic.twitter.com\/cfP3SxUpXd<\/a><\/p>\n<p>\u2014 RCT \u2013 Rugby Club Toulonnais (@RCTofficiel) <a href=\"https:\/\/twitter.com\/RCTofficiel\/status\/2007493408286232705?ref_src=twsrc%5Etfw\" target=\"_blank\" rel=\"noopener\">January 3, 2026<\/a><\/p>\n<\/blockquote>\n<p><script async src=\"https:\/\/platform.twitter.com\/widgets.js\" charset=\"utf-8\"><\/script><\/p>\n","protected":false},"excerpt":{"rendered":"Dimanche soir, le Rugby Club Toulonnais d\u00e9fiera le Stade Rochelais au Stade Marcel-Deflandre, dans le cadre de la&hellip;\n","protected":false},"author":2,"featured_media":561708,"comment_status":"","ping_status":"","sticky":false,"template":"","format":"standard","meta":{"footnotes":""},"categories":[1416],"tags":[1011,27,479,1468,60],"class_list":{"0":"post-638989","1":"post","2":"type-post","3":"status-publish","4":"format-standard","5":"has-post-thumbnail","7":"category-rugby","8":"tag-fr","9":"tag-france","10":"tag-rugby","11":"tag-rugby-football","12":"tag-sports"},"share_on_mastodon":{"url":"https:\/\/pubeurope.com\/@fr\/115833015106328494","error":""},"_links":{"self":[{"href":"https:\/\/www.europesays.com\/fr\/wp-json\/wp\/v2\/posts\/638989","targetHints":{"allow":["GET"]}}],"collection":[{"href":"https:\/\/www.europesays.com\/fr\/wp-json\/wp\/v2\/posts"}],"about":[{"href":"https:\/\/www.europesays.com\/fr\/wp-json\/wp\/v2\/types\/post"}],"author":[{"embeddable":true,"href":"https:\/\/www.europesays.com\/fr\/wp-json\/wp\/v2\/users\/2"}],"replies":[{"embeddable":true,"href":"https:\/\/www.europesays.com\/fr\/wp-json\/wp\/v2\/comments?post=638989"}],"version-history":[{"count":0,"href":"https:\/\/www.europesays.com\/fr\/wp-json\/wp\/v2\/posts\/638989\/revisions"}],"wp:featuredmedia":[{"embeddable":true,"href":"https:\/\/www.europesays.com\/fr\/wp-json\/wp\/v2\/media\/561708"}],"wp:attachment":[{"href":"https:\/\/www.europesays.com\/fr\/wp-json\/wp\/v2\/media?parent=638989"}],"wp:term":[{"taxonomy":"category","embeddable":true,"href":"https:\/\/www.europesays.com\/fr\/wp-json\/wp\/v2\/categories?post=638989"},{"taxonomy":"post_tag","embeddable":true,"href":"https:\/\/www.europesays.com\/fr\/wp-json\/wp\/v2\/tags?post=638989"}],"curies":[{"name":"wp","href":"https:\/\/api.w.org\/{rel}","templated":true}]}}