{"id":638991,"date":"2026-01-03T20:22:11","date_gmt":"2026-01-03T20:22:11","guid":{"rendered":"https:\/\/www.europesays.com\/fr\/638991\/"},"modified":"2026-01-03T20:22:11","modified_gmt":"2026-01-03T20:22:11","slug":"lanester-women-morbihan-le-maillot-2026-actualite","status":"publish","type":"post","link":"https:\/\/www.europesays.com\/fr\/638991\/","title":{"rendered":"Lanester Women Morbihan : Le maillot 2026 &#8211; Actualit\u00e9"},"content":{"rendered":"<p>La N1 de <strong><a href=\"https:\/\/www.directvelo.com\/equipe\/8167\/lanester-women-morbihan\" target=\"_blank\" rel=\"noopener\">Lanester <\/a><\/strong><strong><a href=\"https:\/\/www.directvelo.com\/equipe\/8167\/lanester-women-morbihan\" target=\"_blank\" rel=\"noopener\">Women<\/a><\/strong><strong><a href=\"https:\/\/www.directvelo.com\/equipe\/8167\/lanester-women-morbihan\" target=\"_blank\" rel=\"noopener\"> Morbihan<\/a><\/strong> annonce \u00ab\u00a0entrer dans une nouvelle phase de son d\u00e9veloppement\u00a0\u00bb. La structure r\u00e9v\u00e8le sa volont\u00e9 d&rsquo;acc\u00e9der au statut pro en 2027 et de participer au Tour de France d\u00e8s l&rsquo;ann\u00e9e suivante.\u00a0\u00ab\u00a0Cette acc\u00e9l\u00e9ration est le fruit d\u2019un travail collectif, rendu possible par l\u2019engagement historique de nos partenaires et l\u2019arriv\u00e9e de nouveaux acteurs majeurs \u00e0 nos c\u00f4t\u00e9s. Leur confiance nous permet de structurer le projet de mani\u00e8re plus professionnelle, \u00e0 la hauteur de nos ambitions sportives et humaines\u00a0\u00bb, peut-on lire dans un communiqu\u00e9. Voici le nouveau maillot de Lanester Women Morbihan.<\/p>\n<p><img decoding=\"async\" src=\"https:\/\/www.europesays.com\/fr\/wp-content\/uploads\/2026\/01\/lanester.jpg\" alt=\"\" width=\"650\"\/>\u00a0<\/p>\n<p>\u00a0<\/p>\n","protected":false},"excerpt":{"rendered":"La N1 de Lanester Women Morbihan annonce \u00ab\u00a0entrer dans une nouvelle phase de son d\u00e9veloppement\u00a0\u00bb. La structure r\u00e9v\u00e8le&hellip;\n","protected":false},"author":2,"featured_media":638992,"comment_status":"","ping_status":"","sticky":false,"template":"","format":"standard","meta":{"footnotes":""},"categories":[1411],"tags":[834,828,836,829,837,827,83,826,824,823,1154,207,814,817,815,816,822,821,832,211,839,1011,27,820,818,819,835,831,830,833,838,60,212,208,825],"class_list":{"0":"post-638991","1":"post","2":"type-post","3":"status-publish","4":"format-standard","5":"has-post-thumbnail","7":"category-cyclisme","8":"tag-attaque","9":"tag-belgique","10":"tag-braquet","11":"tag-bretagne","12":"tag-chute","13":"tag-competition","14":"tag-coupe-de-france","15":"tag-coureur","16":"tag-course-cyclisme","17":"tag-course-cycliste","18":"tag-cycling","19":"tag-cyclisme","20":"tag-direct","21":"tag-direct-velo","22":"tag-directvelo","23":"tag-directvelo-com","24":"tag-epreuve","25":"tag-epreuve-cycliste","26":"tag-federation-francaise-de-cyclisme","27":"tag-ffc","28":"tag-flandres","29":"tag-fr","30":"tag-france","31":"tag-live","32":"tag-live-course","33":"tag-live-epreuve","34":"tag-peloton","35":"tag-radio-peloton","36":"tag-radio-tour","37":"tag-ravitaillement","38":"tag-relance","39":"tag-sports","40":"tag-uci","41":"tag-velo","42":"tag-velos"},"share_on_mastodon":{"url":"https:\/\/pubeurope.com\/@fr\/115833034937155705","error":""},"_links":{"self":[{"href":"https:\/\/www.europesays.com\/fr\/wp-json\/wp\/v2\/posts\/638991","targetHints":{"allow":["GET"]}}],"collection":[{"href":"https:\/\/www.europesays.com\/fr\/wp-json\/wp\/v2\/posts"}],"about":[{"href":"https:\/\/www.europesays.com\/fr\/wp-json\/wp\/v2\/types\/post"}],"author":[{"embeddable":true,"href":"https:\/\/www.europesays.com\/fr\/wp-json\/wp\/v2\/users\/2"}],"replies":[{"embeddable":true,"href":"https:\/\/www.europesays.com\/fr\/wp-json\/wp\/v2\/comments?post=638991"}],"version-history":[{"count":0,"href":"https:\/\/www.europesays.com\/fr\/wp-json\/wp\/v2\/posts\/638991\/revisions"}],"wp:featuredmedia":[{"embeddable":true,"href":"https:\/\/www.europesays.com\/fr\/wp-json\/wp\/v2\/media\/638992"}],"wp:attachment":[{"href":"https:\/\/www.europesays.com\/fr\/wp-json\/wp\/v2\/media?parent=638991"}],"wp:term":[{"taxonomy":"category","embeddable":true,"href":"https:\/\/www.europesays.com\/fr\/wp-json\/wp\/v2\/categories?post=638991"},{"taxonomy":"post_tag","embeddable":true,"href":"https:\/\/www.europesays.com\/fr\/wp-json\/wp\/v2\/tags?post=638991"}],"curies":[{"name":"wp","href":"https:\/\/api.w.org\/{rel}","templated":true}]}}