{"id":638993,"date":"2026-01-03T20:23:11","date_gmt":"2026-01-03T20:23:11","guid":{"rendered":"https:\/\/www.europesays.com\/fr\/638993\/"},"modified":"2026-01-03T20:23:11","modified_gmt":"2026-01-03T20:23:11","slug":"nantes-veut-son-meilleur-joueur-brest-riposte","status":"publish","type":"post","link":"https:\/\/www.europesays.com\/fr\/638993\/","title":{"rendered":"Nantes veut son meilleur joueur, Brest riposte"},"content":{"rendered":"<p><b>D\u00e9sireux de se renforcer dans le secteur offensif, le FC Nantes r\u00eave d\u2019attirer Romain Del Castillo. Mais le Stade Brestois n\u2019a pas l\u2019intention de l\u00e2cher son meilleur joueur et encore moins chez un rival pour le maintien.<\/b><\/p>\n<p>Auteur d\u2019un excellent d\u00e9but de saison avec 6 buts et 2 passes d\u00e9cisives en Ligue 1, Romain Del Castillo est l\u2019une des valeurs s\u00fbres de notre championnat depuis plusieurs ann\u00e9es maintenant. Sous les couleurs du Stade Brestois, l\u2019ailier droit de 29 ans s\u2019\u00e9panouit et a trouv\u00e9 un contexte qui lui est favorable. <a href=\"https:\/\/www.foot01.com\/nantes\/nantes-tente-un-transfert-ose-a-brest\" target=\"_self\" rel=\"noopener\">Sa forme \u00e9clatante attire n\u00e9anmoins les convoitises en ce mercato hivernal<\/a>. En grande difficult\u00e9 \u00e0 l\u2019issue de l\u2019ann\u00e9e 2025, le FC Nantes souhaite se renforcer en attaque.<\/p>\n<p> Les Canaris ont identifi\u00e9 Romain Del Castillo comme une cible potentielle, apr\u00e8s avoir d\u00e9j\u00e0 boucl\u00e9 la venue de R\u00e9my Cabella en provenance de l\u2019Olympiakos. Mais du c\u00f4t\u00e9 du SB29, un d\u00e9part du joueur n\u00e9 \u00e0 Lyon pour un rival dans la course au maintien n\u2019est pas envisageable une seconde. C\u2019est ce que l\u2019entra\u00eeneur brestois Eric Roy a confirm\u00e9 en conf\u00e9rence de presse avant la r\u00e9ception de l\u2019AJ Auxerre dimanche \u00e0 17h15 au stade Francis-le-Bl\u00e9.<\/p>\n<p>\u00ab Il \u00e9tait en jaune ce matin. Il avait des chaussures jaunes et une chasuble jaune. Merde\u00a0! Il pourra jouer demain quand m\u00eame\u00a0?\u00a0\u00bb s\u2019est d\u2019abord amus\u00e9 le coach de Brest avant de poursuivre, plus cash et tr\u00e8s direct. \u00ab\u00a0Si Romain est d\u00e9stabilis\u00e9 pour aller \u00e0 Nantes, c\u2019est triste pour nous. Je n\u2019ai pas grand-chose \u00e0 dire. Si Chelsea l\u2019avait appel\u00e9 ou le PSG\u2026 \u00e0 la limite je veux bien. Je crois qu\u2019on a un peu plus de points que Nantes aujourd\u2019hui\u00a0\u00bb a rappel\u00e9 Eric Roy, comme pour fermer la porte au FC Nantes de mani\u00e8re tr\u00e8s brutale dans le dossier Romain Del Castillo. <\/p>\n<p>Reste maintenant \u00e0 conna\u00eetre la position du joueur, qui pourrait \u00eatre \u00e0 l\u2019\u00e9coute d\u2019une \u00e9ventuelle offre venue de la Loire-Atlantique en cas de contrat longue dur\u00e9e et d&rsquo;un salaire sup\u00e9rieur \u00e0 ce qu\u2019il per\u00e7oit actuellement. Li\u00e9 \u00e0 Brest jusqu\u2019en 2027, Del Castillo est en tout cas un \u00e9l\u00e9ment majeur des Pirates et un d\u00e9part lors de ce mercato hivernal serait une perte colossale pour Eric Roy.<\/p>\n","protected":false},"excerpt":{"rendered":"D\u00e9sireux de se renforcer dans le secteur offensif, le FC Nantes r\u00eave d\u2019attirer Romain Del Castillo. Mais le&hellip;\n","protected":false},"author":2,"featured_media":638994,"comment_status":"","ping_status":"","sticky":false,"template":"","format":"standard","meta":{"footnotes":""},"categories":[1410],"tags":[3450,462,63,1011,27,1434,60],"class_list":{"0":"post-638993","1":"post","2":"type-post","3":"status-publish","4":"format-standard","5":"has-post-thumbnail","7":"category-football","8":"tag-brest","9":"tag-fc-nantes","10":"tag-football","11":"tag-fr","12":"tag-france","13":"tag-mercato","14":"tag-sports"},"share_on_mastodon":{"url":"https:\/\/pubeurope.com\/@fr\/115833038714945180","error":""},"_links":{"self":[{"href":"https:\/\/www.europesays.com\/fr\/wp-json\/wp\/v2\/posts\/638993","targetHints":{"allow":["GET"]}}],"collection":[{"href":"https:\/\/www.europesays.com\/fr\/wp-json\/wp\/v2\/posts"}],"about":[{"href":"https:\/\/www.europesays.com\/fr\/wp-json\/wp\/v2\/types\/post"}],"author":[{"embeddable":true,"href":"https:\/\/www.europesays.com\/fr\/wp-json\/wp\/v2\/users\/2"}],"replies":[{"embeddable":true,"href":"https:\/\/www.europesays.com\/fr\/wp-json\/wp\/v2\/comments?post=638993"}],"version-history":[{"count":0,"href":"https:\/\/www.europesays.com\/fr\/wp-json\/wp\/v2\/posts\/638993\/revisions"}],"wp:featuredmedia":[{"embeddable":true,"href":"https:\/\/www.europesays.com\/fr\/wp-json\/wp\/v2\/media\/638994"}],"wp:attachment":[{"href":"https:\/\/www.europesays.com\/fr\/wp-json\/wp\/v2\/media?parent=638993"}],"wp:term":[{"taxonomy":"category","embeddable":true,"href":"https:\/\/www.europesays.com\/fr\/wp-json\/wp\/v2\/categories?post=638993"},{"taxonomy":"post_tag","embeddable":true,"href":"https:\/\/www.europesays.com\/fr\/wp-json\/wp\/v2\/tags?post=638993"}],"curies":[{"name":"wp","href":"https:\/\/api.w.org\/{rel}","templated":true}]}}