{"id":638995,"date":"2026-01-03T20:24:10","date_gmt":"2026-01-03T20:24:10","guid":{"rendered":"https:\/\/www.europesays.com\/fr\/638995\/"},"modified":"2026-01-03T20:24:10","modified_gmt":"2026-01-03T20:24:10","slug":"muriel-robin-revient-enfin-sur-le-malaise-lol-et-dit-tout","status":"publish","type":"post","link":"https:\/\/www.europesays.com\/fr\/638995\/","title":{"rendered":"Muriel Robin revient enfin sur le malaise LOL et dit tout"},"content":{"rendered":"<p>Par <a class=\"author_recette\" id=\"author_name\" href=\"https:\/\/www.nextplz.fr\/auteur\/julie-pacheco\" target=\"_blank\" rel=\"noopener\">Julie<br \/>\nPacheco<\/a> &#8211;<br \/>\nPubli\u00e9 le 03 Jan 2026 \u00e0<br \/>\n17:00<\/p>\n<p class=\"article-intro excerpt\">Un an apr\u00e8s le toll\u00e9, Muriel Robin<br \/>\nsort du silence. Invit\u00e9e de Laurent Baffie, l\u2019humoriste a accept\u00e9<br \/>\nde revenir sur un \u00e9pisode qui l\u2019a profond\u00e9ment marqu\u00e9e.<\/p>\n<p>Avant m\u00eame sa diffusion sur Prime Video, la saison 5 de LOL,<br \/>\nqui rit sort ! avait d\u00e9clench\u00e9 une temp\u00eate inattendue. \u00c0<br \/>\nl\u2019automne 2024, une rumeur enfle autour d\u2019un d\u00e9part suppos\u00e9 de<br \/>\nMuriel Robin, pourtant tr\u00e8s attendue au casting. Tr\u00e8s vite, l\u2019id\u00e9e<br \/>\nd\u2019une \u00e9limination mal v\u00e9cue, d\u2019une col\u00e8re en coulisses et d\u2019un<br \/>\nclash avec la production s\u2019impose. Certains m\u00e9dias \u00e9voquent une<br \/>\nfrustration li\u00e9e \u00e0 l\u2019impossibilit\u00e9 d\u2019utiliser sa fameuse \u201ccarte<br \/>\njoker\u201d, un atout strat\u00e9gique cens\u00e9 d\u00e9stabiliser plusieurs<br \/>\nadversaires. <a href=\"https:\/\/www.nextplz.fr\/people\/524715-muriel-robin-revele-line-renaud-la-pousse-a-epouser-anne-nen-crois-quil-faut-que-vous-vous-mariez-cette-annee\" target=\"_blank\" rel=\"noopener\"><br \/>\nLe portrait d\u2019une Muriel Robin<\/a> furieuse circule alors partout,<br \/>\ns\u2019installant durablement dans l\u2019opinion, bien avant que les<br \/>\nt\u00e9l\u00e9spectateurs ne d\u00e9couvrent les images.<\/p>\n<p>Une image qui ne lui<br \/>\nressemble plus<\/p>\n<p>D\u00e8s novembre 2024, invit\u00e9e sur le plateau de C \u00e0 vous,<br \/>\n<a href=\"https:\/\/www.instagram.com\/mumurobin\/?hl=fr\" target=\"_blank\" rel=\"noopener\">Muriel Robin<\/a> avait tent\u00e9 de rectifier cette version.<br \/>\nElle refusait d\u2019\u00eatre r\u00e9duite \u00e0 une figure col\u00e9rique, rappelant le<br \/>\nchemin parcouru sur elle-m\u00eame. \u201c\u00c7a fait trente ans que je fais<br \/>\nun travail sur moi pour devenir cette personne que je suis<br \/>\naujourd\u2019hui. J\u2019ai \u00e9t\u00e9 cette personne : j\u2019ai p\u00e9t\u00e9 les plombs, j\u2019ai<br \/>\n\u00e9t\u00e9 \u00e9nerv\u00e9e, agressive, etc. \u00c0 tel point que j\u2019avais honte de qui<br \/>\nj\u2019\u00e9tais\u201d, expliquait-elle alors. Elle pr\u00e9cisait aussi ce qui<br \/>\ns\u2019\u00e9tait r\u00e9ellement pass\u00e9 selon elle : \u201cComme je manque de<br \/>\nconfiance en moi, je suis sortie avant de fondre en larmes. Je ne<br \/>\np\u00e8te pas les plombs, je pleure\u201d. Des mots forts, mais qui<br \/>\nn\u2019avaient pas suffi \u00e0 faire taire compl\u00e8tement la pol\u00e9mique.<\/p>\n<p>\u201c\u00c7a m\u2019a flingu\u00e9e\u201d : la<br \/>\nblessure \u00e0 vif<\/p>\n<p>Un an plus tard, invit\u00e9e de Coloscopie, Muriel Robin<br \/>\naccepte d\u2019aller plus loin. Face \u00e0 Laurent Baffie, elle revient<br \/>\nfrontalement sur ce moment pr\u00e9cis qui l\u2019a bris\u00e9e. \u201cIl y a une<br \/>\nsituation qui m\u2019a laiss\u00e9 entendre que je n\u2019\u00e9tais pas assez dr\u00f4le.<br \/>\n\u00c7a m\u2019a flingu\u00e9e !\u201d, l\u00e2che-t-elle sans d\u00e9tour. Pour elle, cette<br \/>\nphrase a r\u00e9sonn\u00e9 comme une remise en cause totale, bien au-del\u00e0 du<br \/>\ncadre du jeu. Elle raconte aussi sa r\u00e9action, loin de l\u2019image d\u2019une<br \/>\nexplosion de col\u00e8re : \u201cAvant, quand on me faisait du mal, je<br \/>\nmontais dans les tours. L\u00e0, je ne suis pas mont\u00e9e dans les tours.<br \/>\nJ\u2019ai eu un petit ton quand m\u00eame. Je pleurais surtout\u201d. Une<br \/>\nconfession intime, qui montre une fragilit\u00e9 rarement expos\u00e9e<br \/>\npubliquement.<\/p>\n<p>Une incompr\u00e9hension totale<\/p>\n<p>En avril 2025, un membre de la production confiait \u00e0 Voici qu\u2019il<br \/>\ns\u2019agissait avant tout d\u2019un \u00e9norme malentendu. Muriel Robin aurait<br \/>\nsimplement demand\u00e9 si elle pouvait jouer sa carte joker. Une<br \/>\nr\u00e9ponse jug\u00e9e neutre, presque anodine, aurait \u00e9t\u00e9 interpr\u00e9t\u00e9e comme<br \/>\nune critique d\u00e9guis\u00e9e. Fatigu\u00e9e, isol\u00e9e \u00e0 ce moment du tournage,<br \/>\nelle aurait craqu\u00e9. \u201cElle a fondu en larmes, on \u00e9tait<br \/>\nt\u00e9tanis\u00e9s\u201d, racontait ce t\u00e9moin, d\u00e9crivant une sc\u00e8ne de<br \/>\nd\u00e9tresse plut\u00f4t qu\u2019un coup d\u2019\u00e9clat. Pour Muriel Robin, cet \u00e9pisode<br \/>\na d\u00e9pass\u00e9 le simple cadre d\u2019un divertissement. \u201c\u00c7a m\u2019a fait<br \/>\nbeaucoup de mal. C\u2019est comme si on m\u2019avait enlev\u00e9 la seule chose<br \/>\nque j\u2019ai. Muriel Robin, c\u2019est la seule chose que j\u2019ai fabriqu\u00e9e de<br \/>\nma vie. Tout d\u2019un coup il n\u2019y avait m\u00eame plus \u00e7a, j\u2019\u00e9tais une<br \/>\nflaque par terre\u201d, confie-t-elle, boulevers\u00e9e. Une prise de<br \/>\nparole rare, qui \u00e9claire enfin l\u2019envers d\u2019une pol\u00e9mique longtemps<br \/>\nmal comprise.<\/p>\n<p><script async src=\"\/\/www.instagram.com\/embed.js\"><\/script><\/p>\n","protected":false},"excerpt":{"rendered":"Par Julie Pacheco &#8211; Publi\u00e9 le 03 Jan 2026 \u00e0 17:00 Un an apr\u00e8s le toll\u00e9, Muriel Robin&hellip;\n","protected":false},"author":2,"featured_media":638996,"comment_status":"","ping_status":"","sticky":false,"template":"","format":"standard","meta":{"footnotes":""},"categories":[1359],"tags":[58,59,1011,27,973],"class_list":{"0":"post-638995","1":"post","2":"type-post","3":"status-publish","4":"format-standard","5":"has-post-thumbnail","7":"category-people","8":"tag-divertissement","9":"tag-entertainment","10":"tag-fr","11":"tag-france","12":"tag-people"},"share_on_mastodon":{"url":"https:\/\/pubeurope.com\/@fr\/115833042604122145","error":""},"_links":{"self":[{"href":"https:\/\/www.europesays.com\/fr\/wp-json\/wp\/v2\/posts\/638995","targetHints":{"allow":["GET"]}}],"collection":[{"href":"https:\/\/www.europesays.com\/fr\/wp-json\/wp\/v2\/posts"}],"about":[{"href":"https:\/\/www.europesays.com\/fr\/wp-json\/wp\/v2\/types\/post"}],"author":[{"embeddable":true,"href":"https:\/\/www.europesays.com\/fr\/wp-json\/wp\/v2\/users\/2"}],"replies":[{"embeddable":true,"href":"https:\/\/www.europesays.com\/fr\/wp-json\/wp\/v2\/comments?post=638995"}],"version-history":[{"count":0,"href":"https:\/\/www.europesays.com\/fr\/wp-json\/wp\/v2\/posts\/638995\/revisions"}],"wp:featuredmedia":[{"embeddable":true,"href":"https:\/\/www.europesays.com\/fr\/wp-json\/wp\/v2\/media\/638996"}],"wp:attachment":[{"href":"https:\/\/www.europesays.com\/fr\/wp-json\/wp\/v2\/media?parent=638995"}],"wp:term":[{"taxonomy":"category","embeddable":true,"href":"https:\/\/www.europesays.com\/fr\/wp-json\/wp\/v2\/categories?post=638995"},{"taxonomy":"post_tag","embeddable":true,"href":"https:\/\/www.europesays.com\/fr\/wp-json\/wp\/v2\/tags?post=638995"}],"curies":[{"name":"wp","href":"https:\/\/api.w.org\/{rel}","templated":true}]}}