{"id":638997,"date":"2026-01-03T20:25:13","date_gmt":"2026-01-03T20:25:13","guid":{"rendered":"https:\/\/www.europesays.com\/fr\/638997\/"},"modified":"2026-01-03T20:25:13","modified_gmt":"2026-01-03T20:25:13","slug":"gaillac-les-sculptures-dhilde-segers-racontent-une-histoire","status":"publish","type":"post","link":"https:\/\/www.europesays.com\/fr\/638997\/","title":{"rendered":"Gaillac\u00a0: les sculptures d\u2019Hilde Segers racontent une histoire"},"content":{"rendered":"<p>\n                                                                    l&rsquo;essentiel<br \/>\n                                                                Install\u00e9e \u00e0 Gaillac depuis deux ans, Hilde Segers a lanc\u00e9 sa gamme Circaterra C\u00e9ramique. Son mat\u00e9riau favori est le gr\u00e8s blanc, son style la c\u00e9ramique narrative.\n                            <\/p>\n<p>\u00ab\u00a0Je raconte des histoires en faisant des objets et des sculptures\u00a0\u00bb. Hilde Segers traduit ses th\u00e8mes en figuratif ou en abstrait, presque toujours \u00e0 partir de son mat\u00e9riau pr\u00e9f\u00e9r\u00e9, le gr\u00e8s, tr\u00e8s solide et qui supporte les hautes temp\u00e9ratures \u00e0 la cuisson. Native d\u2019Anvers, elle a d\u00e9couvert la c\u00e9ramique parmi d\u2019autres exp\u00e9riences.<\/p>\n<p>\u00ab\u00a0Enfant, en Belgique, j\u2019avais besoin de moyens d\u2019expression, j\u2019ai fait de la musique, du th\u00e9\u00e2tre\u00a0\u00bb. Mais c\u2019est en France, o\u00f9 elle vit depuis seize ans, que ce go\u00fbt pour la terre s\u2019est r\u00e9v\u00e9l\u00e9 en faisant de petits march\u00e9s et qu\u2019elle a d\u00e9cid\u00e9 de franchir le pas. Install\u00e9e \u00e0 Gaillac depuis deux ans, Hilde y a transport\u00e9 son four et son atelier \u00ab\u00a0Circaterra C\u00e9ramique\u00a0\u00bb. Elle r\u00e9sume son approche dans l\u2019expression \u00ab\u00a0c\u00e9ramique narrative\u00a0\u00bb et compose aussi bien des objets usuels que des sculptures pour les plaisirs des yeux. Au gr\u00e8s blanc, elle peut m\u00e9langer d\u2019autres terres et conc\u00e8de que depuis trois ans, elle met plus de couleur dans ses cr\u00e9ations.<\/p>\n<p>Elle a \u00e9galement utilis\u00e9 la technique primitive de l\u2019enfumage une cuisson imm\u00e9moriale, avant de d\u00e9couvrir d\u2019autres techniques. Hilde Segers est pr\u00e9sente au Centre de C\u00e9ramique de Giroussens, sur des march\u00e9s et des salons et donne des cours dans son atelier gaillacois chaque vendredi de 9\u00a0h\u00a030 \u00e0 12\u00a0heures. \u00ab\u00a0Des groupes r\u00e9duits de quatre personnes, car l\u2019atelier est petit. Un peu plus l\u2019\u00e9t\u00e9, quand on peut utiliser le jardin\u00a0\u00bb. Hilde Segers donne les cl\u00e9s des techniques mais laisse une grande libert\u00e9 aux \u00e9l\u00e8ves \u2013 n\u00e9ophytes ou d\u00e9j\u00e0 initi\u00e9s- sur le choix de la pi\u00e8ce \u00e0 r\u00e9aliser.<\/p>\n<p>\u00ab\u00a0Pour les ateliers de modelage, pendant dix s\u00e9ances, on con\u00e7oit et r\u00e9alise des objets \u00e0 partir de plusieurs techniques\u00a0: pinc\u00e9, colombin, masse, plaques\u00a0\u00bb. Elle organise \u00e9galement des stages de sculpture qu\u2019elle r\u00e9sume dans une autre formule\u00a0: comment donner forme \u00e0 ses pens\u00e9es. \u00ab\u00a0On peut partir de leurs dessins et on aborde les divers moyens de les r\u00e9aliser\u00a0\u00bb. On peut retrouver Hilde Segers sur circaterra@me.com et sur Instagram\u00a0: circaterracermique ainsi que sur wecandoo.fr<\/p>\n","protected":false},"excerpt":{"rendered":"l&rsquo;essentiel Install\u00e9e \u00e0 Gaillac depuis deux ans, Hilde Segers a lanc\u00e9 sa gamme Circaterra C\u00e9ramique. Son mat\u00e9riau favori&hellip;\n","protected":false},"author":2,"featured_media":638998,"comment_status":"","ping_status":"","sticky":false,"template":"","format":"standard","meta":{"footnotes":""},"categories":[1358],"tags":[1348,1384,1385,872,1386,58,59,1011,27,71045,8412],"class_list":{"0":"post-638997","1":"post","2":"type-post","3":"status-publish","4":"format-standard","5":"has-post-thumbnail","7":"category-arts-et-design","8":"tag-arts","9":"tag-arts-and-design","10":"tag-arts-et-design","11":"tag-culture-et-loisirs","12":"tag-design","13":"tag-divertissement","14":"tag-entertainment","15":"tag-fr","16":"tag-france","17":"tag-gaillac","18":"tag-tarn"},"share_on_mastodon":{"url":"https:\/\/pubeurope.com\/@fr\/115833046462753266","error":""},"_links":{"self":[{"href":"https:\/\/www.europesays.com\/fr\/wp-json\/wp\/v2\/posts\/638997","targetHints":{"allow":["GET"]}}],"collection":[{"href":"https:\/\/www.europesays.com\/fr\/wp-json\/wp\/v2\/posts"}],"about":[{"href":"https:\/\/www.europesays.com\/fr\/wp-json\/wp\/v2\/types\/post"}],"author":[{"embeddable":true,"href":"https:\/\/www.europesays.com\/fr\/wp-json\/wp\/v2\/users\/2"}],"replies":[{"embeddable":true,"href":"https:\/\/www.europesays.com\/fr\/wp-json\/wp\/v2\/comments?post=638997"}],"version-history":[{"count":0,"href":"https:\/\/www.europesays.com\/fr\/wp-json\/wp\/v2\/posts\/638997\/revisions"}],"wp:featuredmedia":[{"embeddable":true,"href":"https:\/\/www.europesays.com\/fr\/wp-json\/wp\/v2\/media\/638998"}],"wp:attachment":[{"href":"https:\/\/www.europesays.com\/fr\/wp-json\/wp\/v2\/media?parent=638997"}],"wp:term":[{"taxonomy":"category","embeddable":true,"href":"https:\/\/www.europesays.com\/fr\/wp-json\/wp\/v2\/categories?post=638997"},{"taxonomy":"post_tag","embeddable":true,"href":"https:\/\/www.europesays.com\/fr\/wp-json\/wp\/v2\/tags?post=638997"}],"curies":[{"name":"wp","href":"https:\/\/api.w.org\/{rel}","templated":true}]}}