{"id":638999,"date":"2026-01-03T20:27:23","date_gmt":"2026-01-03T20:27:23","guid":{"rendered":"https:\/\/www.europesays.com\/fr\/638999\/"},"modified":"2026-01-03T20:27:23","modified_gmt":"2026-01-03T20:27:23","slug":"en-direct-star-academy-2025-qui-danouk-victor-ou-theo-sauvera-sa-place-lors-du-200%e1%b5%89-prime","status":"publish","type":"post","link":"https:\/\/www.europesays.com\/fr\/638999\/","title":{"rendered":"EN DIRECT &#8211; Star Academy 2025 : qui d&rsquo;Anouk, Victor ou Th\u00e9o sauvera sa place lors du 200\u1d49 prime ?"},"content":{"rendered":"<ul class=\"jsx-862013697 ArticleChapo__List\">\n<li class=\"jsx-862013697 ArticleChapo__List_Item flex\">La Star Academy c\u00e9l\u00e8bre son 200\u1d49 prime ce soir.<\/li>\n<li class=\"jsx-862013697 ArticleChapo__List_Item flex\">Trois \u00e9l\u00e8ves sont en danger : Anouk, Th\u00e9o et Victor.<\/li>\n<li class=\"jsx-862013697 ArticleChapo__List_Item flex\">Retrouvez tous les meilleurs moments de la saison sur TF1+.<\/li>\n<\/ul>\n<p><a href=\"https:\/\/www.tf1info.fr\/actualite\/star-academy-2025-videos-replay-tf1-casting-des-candidats-nouvelle-saison-14352\/\" rel=\"noopener\" class=\"jsx-484472199 Link jsx-1428418400 jsx-798756813\" target=\"_blank\"><\/p>\n<p style=\"font-weight:400\" class=\"jsx-1837267516\">Suivez la couverture compl\u00e8te<\/p>\n<p style=\"font-weight:800\" class=\"jsx-1837267516\">Star Academy 2025<\/p>\n<p><\/a>Minute par minuteC&rsquo;EST PARTI POUR LA 200E21:17<\/p>\n<p>\u00ab\u00a0Le feu sacr\u00e9 est toujours l\u00e0\u00a0\u00bb, annonce Nikos Aliagas en ouvrant la 200e. Et pour lancer ce prime exceptionnel, on peut compter sur les \u00e9l\u00e8ves qui ont marqu\u00e9 la Star Academy (de Jean-Pascal \u00e0 Houcine, en passant par Emma Daumas, Michal ou encore Aur\u00e9lie Konat\u00e9) qui revisitent les hymnes des pr\u00e9c\u00e9dentes \u00e9ditions au c\u00f4t\u00e9 de la promo actuelle : \u00ab\u00a0La musique\u00a0\u00bb, \u00ab\u00a0Musique\u00a0\u00bb, \u00ab\u00a0La Bamba\u00a0\u00bb&#8230; Un vent de nostalgie, de joie et d&rsquo;\u00e9nergie communicative souffle sur la sc\u00e8ne du studio 217.<\/p>\n<p>LE RETOUR DE KAMEL OUALI20:26<\/p>\n<p>Cette semaine, de nombreux anciens professeurs ont fait un saut au ch\u00e2teau. C&rsquo;est le cas de l&rsquo;iconique et inoubliable Kamel Ouali. Les \u00e9l\u00e8ves ont ainsi pu b\u00e9n\u00e9ficier de quelques heures de cours. Le danseur et chor\u00e9graphe prendra d&rsquo;ailleurs les manettes de la direction artistique du prime de ce soir. Il a d&rsquo;ailleurs lanc\u00e9 un d\u00e9fi de taille \u00e0 Sarah : un tableau chant\/danse sur des talons vertigineux.<\/p>\n<blockquote data-testid=\"EmbedTwitter\" id=\"tweet-2006033161466282300-:R1pi9lklcmj9v79m:\" class=\"jsx-aeff1a1c40f54d7a twitter-tweet flex justify-center items-center\"><p>Le comeback de Kamel Ouali \ud83e\udd29\ud83e\udef6 #StarAcademy en streaming sur TF1+  pic.twitter.com\/j1wEDIOWXn \u2014 Star Academy (@StarAcademyTF1)  December 30, 2025<\/p><\/blockquote>\n<p>CE R\u00caVE BLEUUUU20:01<\/p>\n<p>Pour ce 200e prime, les \u00e9l\u00e8ves vous pr\u00e9parent un medley f\u00e9\u00e9rique sp\u00e9cial \u00ab\u00a0Dessins anim\u00e9s\u00a0\u00bb. Pour l&rsquo;occasion, Anouk et L\u00e9a chanteront \u00ab\u00a0Lib\u00e9r\u00e9e, d\u00e9livr\u00e9e\u00a0\u00bb. Jean-Luc et Sarah interpr\u00e9teront \u00ab\u00a0L&rsquo;histoire de la vie\u00a0\u00bb. Bastiaan chantera \u00ab\u00a0Je suis ton ami\u00a0\u00bb. Aur\u00e9lie Konat\u00e9 et Ambre, \u00ab\u00a0Vaiana\u00a0\u00bb, quant \u00e0 Th\u00e9o P et Victor, ils r\u00e9visiteront \u00ab\u00a0Prince Ali\u00a0\u00bb. Avant de d\u00e9couvrir le tableau final, place aux r\u00e9p\u00e9titions.\u00a0<\/p>\n<p>Star Academy 2025 &#8211; Les derni\u00e8res r\u00e9p\u00e9titions du medley \u00ab\u00a0dessins anim\u00e9s\u00a0\u00bbSource : Star Academy<\/p>\n<p><img decoding=\"async\" src=\"https:\/\/photos.tf1info.fr\/images\/383\/215\/les-dernieres-repetitions-du-medley-dessins-animes-b149f9-ac44c2-0@1x.jpeg\" alt=\"Star Academy 2025 - Les derni\u00e8res r\u00e9p\u00e9titions du medley &quot;dessins anim\u00e9s&quot;\" loading=\"lazy\" importance=\"low\" fetchpriority=\"low\" class=\"\"\/><img decoding=\"async\" src=\"https:\/\/www.tf1info.fr\/images\/icons\/player-logo-play.svg\" alt=\"Logo lecture\" class=\"jsx-d0de44c05fe3042c PlayerLazyload__Play\"\/>REBOBINAGE19:41<\/p>\n<p>Alors que le prime commence dans quelques heures, on se remet les id\u00e9es en place. Qui a brill\u00e9 lors des derni\u00e8res \u00e9valuations ? Et qu&rsquo;est-ce qu&rsquo;ont pens\u00e9 les professeurs de la prestation des \u00e9l\u00e8ves ? D\u00e9couvrez toutes les appr\u00e9ciations des professeurs actuels, mais \u00e9galement des anciens qui \u00e9taient dans les couloirs du ch\u00e2teau cette semaine !<\/p>\n<p data-module=\"article-paragraph\" class=\"jsx-157965717 Paragraph\">Ce soir, <a href=\"https:\/\/www.tf1info.fr\/culture\/video-c-est-iconique-revivez-le-premier-concert-de-la-star-academy-comme-si-vous-etiez-2413313.html\" target=\"_blank\" rel=\"noopener\">la Star Academy<\/a> f\u00eate son 200e prime. Mais les c\u00e9l\u00e9brations ont commenc\u00e9 un peu plus t\u00f4t puisque durant toute la semaine, le ch\u00e2teau a pu accueillir des personnalit\u00e9s qui ont marqu\u00e9 l&rsquo;histoire de la Star Ac&rsquo;. Ainsi, Kamel Ouali, Matthieu Gonet et Oscar Sisto ont d\u00e9j\u00e0 fait un saut \u00e0 Dammarie-les-Lys, tout comme Anisha Jo, gagnante de l&rsquo;\u00e9dition 2022. Cette derni\u00e8re sera aussi de la partie lors du prime de ce samedi 2 janvier, avec H\u00e9l\u00e9na et Ebony, mais aussi Lara Fabian.\u00a0<\/p>\n<p data-module=\"article-paragraph\" class=\"jsx-157965717 Paragraph\">Pour cette soir\u00e9e d&rsquo;exception, c&rsquo;est Kamel Ouali qui signe la direction artistique et il a mis la barre tr\u00e8s haut, notamment pour Sarah qui va devoir chanter et danser, perch\u00e9e sur de tr\u00e8s (tr\u00e8s) hauts talons sur le titre \u00ab\u00a0Running Up That Hill\u00a0\u00bb de Kate Bush\u2026 Les r\u00e9p\u00e9titions \u00e9taient intenses et promettent un grand moment.\u00a0<\/p>\n<p data-module=\"article-paragraph\" class=\"jsx-157965717 Paragraph Paragraph__End\">Trois \u00e9l\u00e8ves sont en danger, \u00e0 savoir : Anouk, Th\u00e9o et Victor qui vont devoir tout donner pour sauver leur place. Quant \u00e0 Bastiaan, Sarah et L\u00e9a, le top 3 de la semaine, ils se battront pour d\u00e9crocher l&rsquo;immunit\u00e9.<\/p>\n<p data-module=\"article-paragraph\" class=\"jsx-157965717 Paragraph Paragraph__End\">Suivez le 200\u1d49 prime de la Star Academy en direct dans le fil ci-dessus et retrouvez tous les meilleurs moments de la saison sur TF1+.<\/p>\n<p>Sabine BOUCHOUL<\/p>\n<p><script async src=\"https:\/\/platform.twitter.com\/widgets.js\" charset=\"utf-8\"><\/script><\/p>\n","protected":false},"excerpt":{"rendered":"La Star Academy c\u00e9l\u00e8bre son 200\u1d49 prime ce soir. Trois \u00e9l\u00e8ves sont en danger : Anouk, Th\u00e9o et&hellip;\n","protected":false},"author":2,"featured_media":639000,"comment_status":"","ping_status":"","sticky":false,"template":"","format":"standard","meta":{"footnotes":""},"categories":[1356],"tags":[1111,11,1921,58,59,1011,27,1922,12238,500,2041,873,502,5095,59699,252,199,1364,133,2040],"class_list":{"0":"post-638999","1":"post","2":"type-post","3":"status-publish","4":"format-standard","5":"has-post-thumbnail","7":"category-television","8":"tag-actu","9":"tag-actualites","10":"tag-article-video","11":"tag-divertissement","12":"tag-entertainment","13":"tag-fr","14":"tag-france","15":"tag-info","16":"tag-lara-fabian","17":"tag-medias","18":"tag-medias-et-divertissement","19":"tag-musique","20":"tag-programme-tv","21":"tag-star-academy","22":"tag-star-academy-2025","23":"tag-television","24":"tag-tf1","25":"tag-tv","26":"tag-video","27":"tag-video-culture"},"share_on_mastodon":{"url":"https:\/\/pubeurope.com\/@fr\/115833054601359676","error":""},"_links":{"self":[{"href":"https:\/\/www.europesays.com\/fr\/wp-json\/wp\/v2\/posts\/638999","targetHints":{"allow":["GET"]}}],"collection":[{"href":"https:\/\/www.europesays.com\/fr\/wp-json\/wp\/v2\/posts"}],"about":[{"href":"https:\/\/www.europesays.com\/fr\/wp-json\/wp\/v2\/types\/post"}],"author":[{"embeddable":true,"href":"https:\/\/www.europesays.com\/fr\/wp-json\/wp\/v2\/users\/2"}],"replies":[{"embeddable":true,"href":"https:\/\/www.europesays.com\/fr\/wp-json\/wp\/v2\/comments?post=638999"}],"version-history":[{"count":0,"href":"https:\/\/www.europesays.com\/fr\/wp-json\/wp\/v2\/posts\/638999\/revisions"}],"wp:featuredmedia":[{"embeddable":true,"href":"https:\/\/www.europesays.com\/fr\/wp-json\/wp\/v2\/media\/639000"}],"wp:attachment":[{"href":"https:\/\/www.europesays.com\/fr\/wp-json\/wp\/v2\/media?parent=638999"}],"wp:term":[{"taxonomy":"category","embeddable":true,"href":"https:\/\/www.europesays.com\/fr\/wp-json\/wp\/v2\/categories?post=638999"},{"taxonomy":"post_tag","embeddable":true,"href":"https:\/\/www.europesays.com\/fr\/wp-json\/wp\/v2\/tags?post=638999"}],"curies":[{"name":"wp","href":"https:\/\/api.w.org\/{rel}","templated":true}]}}