{"id":63900,"date":"2025-04-30T08:19:11","date_gmt":"2025-04-30T08:19:11","guid":{"rendered":"https:\/\/www.europesays.com\/fr\/63900\/"},"modified":"2025-04-30T08:19:11","modified_gmt":"2025-04-30T08:19:11","slug":"a-lyon-le-braquage-de-ce-camion-charge-de-drogue-en-partie-resolu-grace-aux-informations-du-conducteur","status":"publish","type":"post","link":"https:\/\/www.europesays.com\/fr\/63900\/","title":{"rendered":"\u00c0 Lyon, le braquage de ce camion charg\u00e9 de drogue en partie r\u00e9solu gr\u00e2ce aux informations du conducteur"},"content":{"rendered":"<p>FAITS DIVERS &#8211; Coup de filet original. C\u2019est une <a href=\"https:\/\/fr.news.yahoo.com\/proc%C3%A8s-braquage-kim-kardashian-r%C3%A9capitule-040016052.html\" data-ylk=\"slk:affaire de braquage;elm:context_link;itc:0;sec:content-canvas;outcm:mb_qualified_link;_E:mb_qualified_link;ct:story;\" class=\"link  yahoo-link\" target=\"_blank\" rel=\"noopener\">affaire de braquage<\/a> pas comme les autres que la gendarmerie nationale a eue \u00e0 g\u00e9rer entre le 21\u00a0et 22\u00a0avril dernier pr\u00e8s de <a href=\"https:\/\/www.huffingtonpost.fr\/politique\/article\/tirs-sur-des-policiers-a-la-duchere-a-lyon-darmanin-et-doucet-se-livrent-a-une-passe-d-arme_187989.html\" rel=\"nofollow noopener\" target=\"_blank\" data-ylk=\"slk:Lyon;elm:context_link;itc:0;sec:content-canvas\" class=\"link \">Lyon<\/a>, lorsqu\u2019un camion contenant plus de 9\u00a0tonnes de r\u00e9sine de cannabis a \u00e9t\u00e9 braqu\u00e9 par des malfaiteurs.<\/p>\n<p>D\u00e9voil\u00e9e ce mardi 29\u00a0avril, cette importante saisie de drogue a \u00e9t\u00e9 rendue possible par <a href=\"https:\/\/fr.news.yahoo.com\/au-mont-fuji-%C3%A9tudiant-s-140533514.html\" data-ylk=\"slk:des conditions rocambolesques;elm:context_link;itc:0;sec:content-canvas;outcm:mb_qualified_link;_E:mb_qualified_link;ct:story;\" class=\"link  yahoo-link\" target=\"_blank\" rel=\"noopener\">des conditions rocambolesques<\/a>. En cause\u00a0? Le chauffeur du camion qui transportait la drogue a lui-m\u00eame donn\u00e9 des informations \u00e0 la police pour retrouver rapidement son pr\u00e9cieux chargement.<\/p>\n<p><a href=\"https:\/\/fr.news.yahoo.com\/myst%C3%A8re-autour-mort-l-autrice-073956110.html\" data-ylk=\"slk:Myst\u00e8re autour de la mort de l\u2019autrice allemande Alexandra Fr\u00f6hlich, dont le corps a \u00e9t\u00e9 retrouv\u00e9 sur sa p\u00e9niche;elm:context_link;itc:0;sec:content-canvas;outcm:mb_qualified_link;_E:mb_qualified_link;ct:story;\" class=\"link  yahoo-link\" target=\"_blank\" rel=\"noopener\"> Myst\u00e8re autour de la mort de l\u2019autrice allemande Alexandra Fr\u00f6hlich, dont le corps a \u00e9t\u00e9 retrouv\u00e9 sur sa p\u00e9niche <\/a><\/p>\n<p>C\u2019est en effet ce qu\u2019explique la gendarmerie ce mardi, confirmant des informations de <a href=\"https:\/\/www.parismatch.com\/actu\/faits-divers\/info-paris-match-il-se-fait-voler-9-tonnes-de-cannabis-puis-alerte-la-police-250685\" rel=\"nofollow noopener\" target=\"_blank\" data-ylk=\"slk:Paris-Match;elm:context_link;itc:0;sec:content-canvas\" class=\"link \">Paris-Match<\/a>. Dans cette histoire, tout a commenc\u00e9 dans la soir\u00e9e du 21\u00a0avril lorsque le chauffeur de ce camion s\u2019arr\u00eate dans une station-service de Vitrolles, dans le d\u00e9partement des Bouches-du-Rh\u00f4ne. C\u2019est l\u00e0 qu\u2019il se fait braquer par ses voleurs, qui repartent alors avec son poids lourd.<\/p>\n<p>Mais de mani\u00e8re tr\u00e8s \u00e9trange, police et gendarmerie re\u00e7oivent alors des appels anonymes laissant clairement penser qu\u2019il s\u2019agit du conducteur braqu\u00e9 ou de complices puisqu\u2019ils donnaient des d\u00e9tails tr\u00e8s pr\u00e9cis pour permettre de retrouver le camion et sa marchandise. Un dispositif de surveillance est imm\u00e9diatement mis en place par les gendarmes de la section de recherches (SR) de\u00a0Lyon, r\u00e9v\u00e9lant des mouvements suspects dans une zone industrielle, selon la gendarmerie.<\/p>\n<p>C\u2019est donc moins de 24\u00a0heures apr\u00e8s le vol qu\u2019une op\u00e9ration est lanc\u00e9e le 22\u00a0avril, conduite par la SR de\u00a0Lyon, appuy\u00e9e par plusieurs unit\u00e9s du groupement de gendarmerie d\u00e9partementale du Rh\u00f4ne. Accouchant d\u2019une\u00a0saisie\u00a0de 9,133\u00a0tonnes\u00a0de<a href=\"https:\/\/fr.news.yahoo.com\/gendarmes-d%C3%A9guis%C3%A9s-tronc-d-arbre-161652684.html\" data-ylk=\"slk:r\u00e9sine et d\u00e9riv\u00e9s de cannabis;elm:context_link;itc:0;sec:content-canvas;outcm:mb_qualified_link;_E:mb_qualified_link;ct:story;\" class=\"link  yahoo-link\" target=\"_blank\" rel=\"noopener\"> r\u00e9sine et d\u00e9riv\u00e9s de cannabis<\/a>, estim\u00e9e \u00e0 72\u00a0millions d\u2019euros \u00e0 la revente, d\u2019apr\u00e8s la gendarmerie.<\/p>\n<p>Deux mises en examen<\/p>\n<p>\u00ab\u00a0Gr\u00e2ce \u00e0 de minutieuses investigations, les enqu\u00eateurs de la SR de\u00a0Lyon\u00a0d\u00e9couvrent un ensemble routier immatricul\u00e9 au Maroc, dans lequel se trouvent deux caisses m\u00e9talliques herm\u00e9tiquement ferm\u00e9es. Trois autres caisses, d\u00e9j\u00e0 d\u00e9charg\u00e9es, contiennent de la r\u00e9sine de\u00a0cannabis\u00a0conditionn\u00e9e avec soin\u00a0\u00bb, ont d\u00e9crit les gendarmes.<\/p>\n<p>Si la fin de l\u2019histoire ne dit pas ce qu\u2019il est advenu du chauffeur du camion, la gendarmerie pr\u00e9cise que deux hommes ont \u00e9t\u00e9 mis en examen le 27\u00a0avril, notamment pour trafic de stup\u00e9fiants et vol avec arme en bande organis\u00e9e, a pr\u00e9cis\u00e9 la procureure de Paris Laure Beccuau dans un communiqu\u00e9. Toutefois, les investigations, confi\u00e9es \u00e0 la Direction g\u00e9n\u00e9rale de la gendarmerie nationale (DGGN) et \u00e0 l\u2019Office anti-stup\u00e9fiants (Ofast), se poursuivent, a-t-il \u00e9t\u00e9 pr\u00e9cis\u00e9.<\/p>\n<p>Reste que cette saisie\u00a0de\u00a0cannabis\u00a0est l\u2019une des plus importantes r\u00e9alis\u00e9e en France. Celle-ci se rapproche des onze tonnes saisies dans la r\u00e9gion de Besan\u00e7on en mai\u00a02019. Mais ces chiffres restent encore loin du record\u00a0: une saisie de 23,5\u00a0tonnes de r\u00e9sine de cannabis retrouv\u00e9es dans la Manche \u00e0 bord d\u2019un chalutier battant pavillon letton. C\u2019\u00e9tait en f\u00e9vrier\u00a01999.<\/p>\n<p><strong>\u00c0 voir \u00e9galement sur Le HuffPost\u00a0: <\/strong><\/p>\n<p><a href=\"https:\/\/fr.news.yahoo.com\/coup-filet-apr%C3%A8s-attaques-contre-062411509.html\" data-ylk=\"slk:Coup de filet apr\u00e8s les attaques contre les prisons, des dizaines d\u2019interpellations;elm:context_link;itc:0;sec:content-canvas;outcm:mb_qualified_link;_E:mb_qualified_link;ct:story;\" class=\"link  yahoo-link\" target=\"_blank\" rel=\"noopener\"> Coup de filet apr\u00e8s les attaques contre les prisons, des dizaines d\u2019interpellations <\/a><\/p>\n<p><a href=\"https:\/\/fr.news.yahoo.com\/paris-champs-%C3%A9lys%C3%A9es-mouvement-panique-204409154.html\" data-ylk=\"slk:Paris\u00a0: sur les Champs-\u00c9lys\u00e9es, mouvement de panique apr\u00e8s une fausse alerte de tirs dans un Sephora;elm:context_link;itc:0;sec:content-canvas;outcm:mb_qualified_link;_E:mb_qualified_link;ct:story;\" class=\"link  yahoo-link\" target=\"_blank\" rel=\"noopener\"> Paris\u00a0: sur les Champs-\u00c9lys\u00e9es, mouvement de panique apr\u00e8s une fausse alerte de tirs dans un Sephora <\/a><\/p>\n","protected":false},"excerpt":{"rendered":"FAITS DIVERS &#8211; Coup de filet original. C\u2019est une affaire de braquage pas comme les autres que la&hellip;\n","protected":false},"author":2,"featured_media":63901,"comment_status":"","ping_status":"","sticky":false,"template":"","format":"standard","meta":{"footnotes":""},"categories":[1889],"tags":[1111,11,2430,660,16269,1777,674,1011,27,2428,12,25,16135,16270],"class_list":{"0":"post-63900","1":"post","2":"type-post","3":"status-publish","4":"format-standard","5":"has-post-thumbnail","7":"category-lyon","8":"tag-actu","9":"tag-actualites","10":"tag-auvergne-rhone-alpes","11":"tag-camion","12":"tag-departement-des-bouches-du-rhone","13":"tag-eu","14":"tag-europe","15":"tag-fr","16":"tag-france","17":"tag-lyon","18":"tag-news","19":"tag-republique-francaise","20":"tag-resine-de-cannabis","21":"tag-saisie-de-drogue"},"share_on_mastodon":{"url":"https:\/\/pubeurope.com\/@fr\/114425938816099900","error":""},"_links":{"self":[{"href":"https:\/\/www.europesays.com\/fr\/wp-json\/wp\/v2\/posts\/63900","targetHints":{"allow":["GET"]}}],"collection":[{"href":"https:\/\/www.europesays.com\/fr\/wp-json\/wp\/v2\/posts"}],"about":[{"href":"https:\/\/www.europesays.com\/fr\/wp-json\/wp\/v2\/types\/post"}],"author":[{"embeddable":true,"href":"https:\/\/www.europesays.com\/fr\/wp-json\/wp\/v2\/users\/2"}],"replies":[{"embeddable":true,"href":"https:\/\/www.europesays.com\/fr\/wp-json\/wp\/v2\/comments?post=63900"}],"version-history":[{"count":0,"href":"https:\/\/www.europesays.com\/fr\/wp-json\/wp\/v2\/posts\/63900\/revisions"}],"wp:featuredmedia":[{"embeddable":true,"href":"https:\/\/www.europesays.com\/fr\/wp-json\/wp\/v2\/media\/63901"}],"wp:attachment":[{"href":"https:\/\/www.europesays.com\/fr\/wp-json\/wp\/v2\/media?parent=63900"}],"wp:term":[{"taxonomy":"category","embeddable":true,"href":"https:\/\/www.europesays.com\/fr\/wp-json\/wp\/v2\/categories?post=63900"},{"taxonomy":"post_tag","embeddable":true,"href":"https:\/\/www.europesays.com\/fr\/wp-json\/wp\/v2\/tags?post=63900"}],"curies":[{"name":"wp","href":"https:\/\/api.w.org\/{rel}","templated":true}]}}