{"id":639005,"date":"2026-01-03T20:30:12","date_gmt":"2026-01-03T20:30:12","guid":{"rendered":"https:\/\/www.europesays.com\/fr\/639005\/"},"modified":"2026-01-03T20:30:12","modified_gmt":"2026-01-03T20:30:12","slug":"comment-bien-vieillir-et-peut-on-prolonger-la-vie","status":"publish","type":"post","link":"https:\/\/www.europesays.com\/fr\/639005\/","title":{"rendered":"Comment bien vieillir et peut-on prolonger la vie\u00a0?"},"content":{"rendered":"<p class=\"PopSlotParagraph qg-tx2 qg-xtra-lh svelte-1r0pyek\">Par purification ou r\u00e9g\u00e9n\u00e9ration, elle promettait un perp\u00e9tuel rajeunissement. La fontaine de Jouvence issue de la mythologie biblique et classique a beaucoup inspir\u00e9 notamment des artistes mais aussi\u2026 des scientifiques. A un point tel que l\u2019on peut aujourd\u2019hui se poser une question\u00a0: et si ce mythe n\u2019en \u00e9tait plus un\u00a0?<\/p>\n<p class=\"PopSlotParagraph qg-tx2 qg-xtra-lh svelte-1r0pyek\">Ce n\u2019est pas du d\u00e9lire\u00a0: dans les laboratoires de recherche, les r\u00e9sultats, certes encore exp\u00e9rimentaux, laissent r\u00e9ellement entrevoir des possibilit\u00e9s de ralentir le vieillissement, voire de rajeunir certains tissus.\u00a0Et l\u2019enjeu est de taille\u00a0: la proportion des 60 ans et plus dans la population mondiale va presque doubler d\u2019ici 2050.<\/p>\n<p class=\"PopSlotParagraph qg-tx2 qg-xtra-lh svelte-1r0pyek\">Pourquoi vieillit-on\u00a0? Comment inverser le cours de ce ph\u00e9nom\u00e8ne\u00a0? O\u00f9 en est-on des recherches\u00a0? Comment mesurer l\u2019\u00e2ge r\u00e9el de nos organes\u00a0? Et nous-m\u00eames que pouvons-nous faire pour vieillir au mieux\u00a0?<\/p>\n<p class=\"PopSlotParagraph qg-tx2 qg-xtra-lh svelte-1r0pyek\"><a href=\"https:\/\/urldefense.com\/v3\/__https:\/www.femina.fr\/article\/acouphenes-comment-faire-face__;!!B6IQPYr2rLEU!Q-eFJTew2rdx9uU3uGV9Gx76nAG7pkRBwHH_ZhKatra6UOVdvEiS385NAPXlmxXcytWPDkL3Z4STwbQnTjM6BHyIZq8obdc$\" target=\"_blank\" rel=\"noopener noreferrer\" class=\"\" data-testid=\"link\">En partenariat avec le magazine<\/a>\u00a0<a href=\"https:\/\/www.femina.fr\/article\/vous-souhaitez-booster-votre-longevite-voici-les-5-questions-essentielles-a-vous-poser-des-maintenant\" target=\"_blank\" rel=\"noopener noreferrer\" class=\"\" data-testid=\"link\">Version Femina<\/a><a href=\"https:\/\/www.femina.fr\/article\/les-trois-femmes-au-coeur-de-cette-passionnante-bd-ne-vous-disent-peut-etre-rien-mais-leur-role-a-pourtant-ete-fondamental-dans\" target=\"_blank\" rel=\"noopener noreferrer\" class=\"\" data-testid=\"link\">.<\/a>\u00a0Chaque semaine avec votre quotidien r\u00e9gional, retrouvez le magazine aussi sur\u00a0<a href=\"https:\/\/urldefense.com\/v3\/__https:\/www.femina.fr\/__;!!B6IQPYr2rLEU!Wpjaa2BKrJ0EwZxki-Knlj8uRLcAW1ViB3li-vlqj2HdSsyFk7EFGEXHAO5S7ONQL-Eb6QLuqw4A69qfm8P9ZyuYHqlRTcM0SjE$\" target=\"_blank\" rel=\"noopener noreferrer\" class=\"\" data-testid=\"link\">Femina.fr<\/a>,\u00a0<a href=\"https:\/\/urldefense.com\/v3\/__https:\/www.facebook.com\/VersionFemina\/__;!!B6IQPYr2rLEU!Wpjaa2BKrJ0EwZxki-Knlj8uRLcAW1ViB3li-vlqj2HdSsyFk7EFGEXHAO5S7ONQL-Eb6QLuqw4A69qfm8P9ZyuYHqlR0THnlE0$\" target=\"_blank\" rel=\"noopener noreferrer\" class=\"\" data-testid=\"link\">Facebook<\/a>,\u00a0<a href=\"https:\/\/urldefense.com\/v3\/__https:\/www.instagram.com\/versionfemina\/?hl=fr__;!!B6IQPYr2rLEU!Wpjaa2BKrJ0EwZxki-Knlj8uRLcAW1ViB3li-vlqj2HdSsyFk7EFGEXHAO5S7ONQL-Eb6QLuqw4A69qfm8P9ZyuYHqlRElcxWc0$\" target=\"_blank\" rel=\"noopener noreferrer\" class=\"\" data-testid=\"link\">Instagram<\/a>\u00a0et\u00a0<a href=\"https:\/\/urldefense.com\/v3\/__https:\/www.tiktok.com\/@versionfemina__;!!B6IQPYr2rLEU!Wpjaa2BKrJ0EwZxki-Knlj8uRLcAW1ViB3li-vlqj2HdSsyFk7EFGEXHAO5S7ONQL-Eb6QLuqw4A69qfm8P9ZyuYHqlRJU9NS9A$\" target=\"_blank\" rel=\"noopener noreferrer\" class=\"\" data-testid=\"link\">TikTok<\/a>.<\/p>\n<p>  <img decoding=\"async\" class=\"Image-preview  svelte-1b9cmvl\" data-testid=\"image-preview\" src=\"data:image\/jpeg;charset=utf-8;base64, \/9j\/2wBDACgcHiMeGSgjISMtKygwPGRBPDc3PHtYXUlkkYCZlo+AjIqgtObDoKrarYqMyP\/L2u71\/\/\/\/m8H\/\/\/\/6\/+b9\/\/j\/2wBDASstLTw1PHZBQXb4pYyl+Pj4+Pj4+Pj4+Pj4+Pj4+Pj4+Pj4+Pj4+Pj4+Pj4+Pj4+Pj4+Pj4+Pj4+Pj4+Pj4+Pj\/wAARCAALACoDASIAAhEBAxEB\/8QAFgABAQEAAAAAAAAAAAAAAAAAAAED\/8QAFRABAQAAAAAAAAAAAAAAAAAAAAH\/xAAXAQADAQAAAAAAAAAAAAAAAAAAAQMF\/8QAFBEBAAAAAAAAAAAAAAAAAAAAAP\/aAAwDAQACEQMRAD8AyioqrSAQEVABv\/\/Z\" alt=\"\" aria-hidden=\"false\"\/>     <img decoding=\"async\" src=\"https:\/\/www.europesays.com\/fr\/wp-content\/uploads\/2026\/01\/860_sc_logo-version-femina.jpg\" loading=\"lazy\" fetchpriority=\"low\" width=\"860\" height=\"240\" class=\"Image-main  svelte-1b9cmvl rounded\" data-testid=\"image-src\" alt=\"Logo Version Femina\" aria-hidden=\"false\" onload=\"this.__e=event\" onerror=\"this.__e=event\"\/> Logo Version Femina  <script async src=\"\/\/www.instagram.com\/embed.js\"><\/script><script async src=\"\/\/www.tiktok.com\/embed.js\"><\/script><\/p>\n","protected":false},"excerpt":{"rendered":"Par purification ou r\u00e9g\u00e9n\u00e9ration, elle promettait un perp\u00e9tuel rajeunissement. La fontaine de Jouvence issue de la mythologie biblique&hellip;\n","protected":false},"author":2,"featured_media":639006,"comment_status":"","ping_status":"","sticky":false,"template":"","format":"standard","meta":{"footnotes":""},"categories":[10],"tags":[1011,27,72,71],"class_list":{"0":"post-639005","1":"post","2":"type-post","3":"status-publish","4":"format-standard","5":"has-post-thumbnail","7":"category-sante","8":"tag-fr","9":"tag-france","10":"tag-health","11":"tag-sante"},"share_on_mastodon":{"url":"https:\/\/pubeurope.com\/@fr\/115833066274724687","error":""},"_links":{"self":[{"href":"https:\/\/www.europesays.com\/fr\/wp-json\/wp\/v2\/posts\/639005","targetHints":{"allow":["GET"]}}],"collection":[{"href":"https:\/\/www.europesays.com\/fr\/wp-json\/wp\/v2\/posts"}],"about":[{"href":"https:\/\/www.europesays.com\/fr\/wp-json\/wp\/v2\/types\/post"}],"author":[{"embeddable":true,"href":"https:\/\/www.europesays.com\/fr\/wp-json\/wp\/v2\/users\/2"}],"replies":[{"embeddable":true,"href":"https:\/\/www.europesays.com\/fr\/wp-json\/wp\/v2\/comments?post=639005"}],"version-history":[{"count":0,"href":"https:\/\/www.europesays.com\/fr\/wp-json\/wp\/v2\/posts\/639005\/revisions"}],"wp:featuredmedia":[{"embeddable":true,"href":"https:\/\/www.europesays.com\/fr\/wp-json\/wp\/v2\/media\/639006"}],"wp:attachment":[{"href":"https:\/\/www.europesays.com\/fr\/wp-json\/wp\/v2\/media?parent=639005"}],"wp:term":[{"taxonomy":"category","embeddable":true,"href":"https:\/\/www.europesays.com\/fr\/wp-json\/wp\/v2\/categories?post=639005"},{"taxonomy":"post_tag","embeddable":true,"href":"https:\/\/www.europesays.com\/fr\/wp-json\/wp\/v2\/tags?post=639005"}],"curies":[{"name":"wp","href":"https:\/\/api.w.org\/{rel}","templated":true}]}}