{"id":639008,"date":"2026-01-03T20:32:11","date_gmt":"2026-01-03T20:32:11","guid":{"rendered":"https:\/\/www.europesays.com\/fr\/639008\/"},"modified":"2026-01-03T20:32:11","modified_gmt":"2026-01-03T20:32:11","slug":"quand-les-taxes-sur-les-films-x-aidaient-indirectement-a-financer-le-cinema-dauteur","status":"publish","type":"post","link":"https:\/\/www.europesays.com\/fr\/639008\/","title":{"rendered":"Quand les taxes sur les films X\u00a0aidaient indirectement \u00e0 financer le cin\u00e9ma d\u2019auteur"},"content":{"rendered":"<p>                     <img loading=\"lazy\" decoding=\"async\" src=\"https:\/\/www.europesays.com\/fr\/wp-content\/uploads\/2026\/01\/7bf9779_upload-1-bm2tkh4sozfi-image-20251230-0001.jpg\" alt=\"Le cin\u00e9ma\u00a0Cin\u00e9vog, dans le quartier Saint-Lazare, \u00e0 Paris, en octobre 1993.\"   width=\"664\" height=\"443\"\/>    Le cin\u00e9ma\u00a0Cin\u00e9vog, dans le quartier Saint-Lazare, \u00e0 Paris, en octobre 1993.  PHILIPPE C\u00c9L\u00c9RIER                 <\/p>\n<p class=\"article__paragraph  \">Des tournages en 35\u00a0mm des ann\u00e9es 1970 aux vid\u00e9os de la d\u00e9cennie suivante, l\u2019acteur fran\u00e7ais Alban Ceray fut un pilier de la pornographie film\u00e9e. Dans ses m\u00e9moires, <a href=\"https:\/\/www.editionslatableronde.fr\/du-lit-au-divan\/9782710305194\" target=\"_blank\" rel=\"noopener\" title=\"Nouvelle fen\u00eatre\">Du lit au divan<\/a> (La Table ronde, 1992), il s\u2019agace contre une star du cin\u00e9ma grand public qui l\u2019aurait battu froid. Il l\u2019accuse m\u00eame d\u2019ingratitude car, selon lui, sa filmographie \u00e0 lui aurait financ\u00e9 sa filmographie \u00e0 elle. De fait, un lieu commun parmi les v\u00e9t\u00e9rans du \u00ab\u00a0porno\u00a0\u00bb fran\u00e7ais veut que le classement X ait fait la bonne fortune du cin\u00e9ma d\u2019auteur, les surtaxes du premier abondant les aides du Centre national du cin\u00e9ma et de l\u2019image anim\u00e9e (CNC) au second.<\/p>\n<p>   Lire plus tard  <\/p>\n<p class=\"article__paragraph  \">De m\u00eame, la cr\u00e9ation, en<strong>\u00a0<\/strong>1976, d\u2019un \u00ab\u00a0ghetto\u00a0\u00bb de salles sp\u00e9cialis\u00e9es<strong> <\/strong>dans le X a \u00e9vit\u00e9 une concurrence frontale parfois cruelle pour les m\u00eames \u00e9crans. A l\u2019automne 1975, certains r\u00e9alisateurs prestigieux, dont Costa-Gavras en personne, ne se plaignaient-ils pas que des films d\u2019auteur soient absents de nombreuses villes, faute d\u2019\u00e9cran disponibles du fait de l\u2019omnipr\u00e9sence du porno\u00a0? Sur le papier, la th\u00e8se d\u2019Alban Ceray est donc s\u00e9duisante. Et elle rejoint l\u2019\u00e9ternel proc\u00e8s d\u2019un milieu de la culture \u00e9litiste, accus\u00e9e de vivre aux crochets du divertissement populaire, bref, d\u2019un genre de cin\u00e9ma qu\u2019elle m\u00e9priserait.<\/p>\n<p class=\"reading-mode-only \"><strong>Il vous reste 75.57% de cet article \u00e0 lire. La suite est r\u00e9serv\u00e9e aux abonn\u00e9s.<\/strong><\/p>\n","protected":false},"excerpt":{"rendered":"Le cin\u00e9ma\u00a0Cin\u00e9vog, dans le quartier Saint-Lazare, \u00e0 Paris, en octobre 1993. PHILIPPE C\u00c9L\u00c9RIER Des tournages en 35\u00a0mm des&hellip;\n","protected":false},"author":2,"featured_media":639009,"comment_status":"","ping_status":"","sticky":false,"template":"","format":"standard","meta":{"footnotes":""},"categories":[8],"tags":[58,59,1011,27],"class_list":{"0":"post-639008","1":"post","2":"type-post","3":"status-publish","4":"format-standard","5":"has-post-thumbnail","7":"category-divertissement","8":"tag-divertissement","9":"tag-entertainment","10":"tag-fr","11":"tag-france"},"share_on_mastodon":{"url":"https:\/\/pubeurope.com\/@fr\/115833074109988726","error":""},"_links":{"self":[{"href":"https:\/\/www.europesays.com\/fr\/wp-json\/wp\/v2\/posts\/639008","targetHints":{"allow":["GET"]}}],"collection":[{"href":"https:\/\/www.europesays.com\/fr\/wp-json\/wp\/v2\/posts"}],"about":[{"href":"https:\/\/www.europesays.com\/fr\/wp-json\/wp\/v2\/types\/post"}],"author":[{"embeddable":true,"href":"https:\/\/www.europesays.com\/fr\/wp-json\/wp\/v2\/users\/2"}],"replies":[{"embeddable":true,"href":"https:\/\/www.europesays.com\/fr\/wp-json\/wp\/v2\/comments?post=639008"}],"version-history":[{"count":0,"href":"https:\/\/www.europesays.com\/fr\/wp-json\/wp\/v2\/posts\/639008\/revisions"}],"wp:featuredmedia":[{"embeddable":true,"href":"https:\/\/www.europesays.com\/fr\/wp-json\/wp\/v2\/media\/639009"}],"wp:attachment":[{"href":"https:\/\/www.europesays.com\/fr\/wp-json\/wp\/v2\/media?parent=639008"}],"wp:term":[{"taxonomy":"category","embeddable":true,"href":"https:\/\/www.europesays.com\/fr\/wp-json\/wp\/v2\/categories?post=639008"},{"taxonomy":"post_tag","embeddable":true,"href":"https:\/\/www.europesays.com\/fr\/wp-json\/wp\/v2\/tags?post=639008"}],"curies":[{"name":"wp","href":"https:\/\/api.w.org\/{rel}","templated":true}]}}