{"id":639014,"date":"2026-01-03T20:35:13","date_gmt":"2026-01-03T20:35:13","guid":{"rendered":"https:\/\/www.europesays.com\/fr\/639014\/"},"modified":"2026-01-03T20:35:13","modified_gmt":"2026-01-03T20:35:13","slug":"a-berlin-des-dizaines-de-milliers-de-foyers-prives-delectricite-pour-plusieurs-jours-apres-un-incendie-de-cables-presume-criminel","status":"publish","type":"post","link":"https:\/\/www.europesays.com\/fr\/639014\/","title":{"rendered":"A Berlin, des dizaines de milliers de foyers priv\u00e9s d&rsquo;\u00e9lectricit\u00e9 pour plusieurs jours apr\u00e8s un incendie de c\u00e2bles pr\u00e9sum\u00e9 criminel"},"content":{"rendered":"\n<p class=\"c-chapo \">\n  Les pompiers ont rapidement \u00e9teint le feu, mais environ 45\u00a0000 foyers et 2\u00a0200 entreprises du sud-ouest de Berlin se sont retrouv\u00e9s sans courant.\n<\/p>\n<p>      lire plus tard<\/p>\n<p id=\"dialog__title\" class=\"dialog__title\">Pour sauvegarder cet article, connectez-vous ou cr\u00e9ez un compte franceinfo<\/p>\n<p class=\"dialog__description\">Sans paiement. Sans abonnement.<\/p>\n<p>        Fermer la fen\u00eatre d\u2019activation des notifications France Info<\/p>\n<p>      cr\u00e9er votre compte<\/p>\n<p>      se connecter<\/p>\n<p>      :<\/p>\n<p>        Fermer la fen\u00eatre de pr\u00e9sentation<\/p>\n<p>    <img loading=\"lazy\" decoding=\"async\" class=\"signature__image lazyload\" width=\"100\" height=\"100\" data- alt=\"\" src=\"https:\/\/www.europesays.com\/fr\/wp-content\/uploads\/2025\/05\/64a68815cd1a7_placeholder-36b69ec8.png\"\/><\/p>\n<p>    Publi\u00e9 le 03\/01\/2026 14:37<\/p>\n<p>      Mis \u00e0 jour le 03\/01\/2026 17:25<\/p>\n<p>        Temps de lecture : 1min<\/p>\n<p>    <img decoding=\"async\"  alt=\"Des policiers patrouillent pr\u00e8s de la centrale de Lichterfelde, \u00e0 Berlin, le 3 janvier 2026, lors d'une importante panne d'\u00e9lectricit\u00e9 apr\u00e8s un incendie. (FILIP SINGER \/ EPA \/ MAXPPP)\" width=\"432\" height=\"243\" src=\"https:\/\/www.europesays.com\/fr\/wp-content\/uploads\/2026\/01\/epaliveeight754216-69591adbc730b225831367.jpg\" fetchpriority=\"high\"\/><\/p>\n<p>      Des policiers patrouillent pr\u00e8s de la centrale de Lichterfelde, \u00e0 Berlin, le 3 janvier 2026, lors d&rsquo;une importante panne d&rsquo;\u00e9lectricit\u00e9 apr\u00e8s un incendie. (FILIP SINGER \/ EPA \/ MAXPPP)<\/p>\n<p>Des dizaines de milliers de foyers ont \u00e9t\u00e9 priv\u00e9s d&rsquo;\u00e9lectricit\u00e9, samedi 3 janvier, \u00e0 Berlin, apr\u00e8s l&rsquo;incendie de c\u00e2bles \u00e9lectriques que la police soup\u00e7onne d&rsquo;\u00eatre d&rsquo;origine criminelle. Les services de secours ont \u00e9t\u00e9 alert\u00e9s \u00e0 6h45 et les pompiers ont rapidement \u00e9teint le feu situ\u00e9 sur un pont pr\u00e8s d&rsquo;une centrale \u00e9lectrique de la capitale allemande. Mais environ 45\u00a0000 foyers et 2\u00a0200\u00a0entreprises du sud-ouest de Berlin se sont retrouv\u00e9s sans courant, selon l&rsquo;op\u00e9rateur Stromnetz Berlin. Son porte-parole a d\u00e9clar\u00e9 que l&rsquo;op\u00e9rateur \u00ab\u00a0s&rsquo;effor\u00e7ait de r\u00e9tablir progressivement l&rsquo;\u00e9lectricit\u00e9\u00a0\u00bb.\u00a0Les importants d\u00e9g\u00e2ts entra\u00eeneront des coupures de courant pour environ 35\u00a0000 foyers jusqu&rsquo;\u00e0 jeudi apr\u00e8s-midi, ont pr\u00e9cis\u00e9 les autorit\u00e9s berlinoises. Le courant devrait \u00eatre r\u00e9tabli pour les autres foyers dimanche matin.<\/p>\n<p>La police a rapport\u00e9, dans un message <a href=\"https:\/\/x.com\/polizeiberlin\/status\/2007375790564864257\" target=\"_blank\" rel=\"noopener\" data-tooltip-url=\"https:\/\/x.com\/polizeiberlin\/status\/2007375790564864257\">sur X<\/a>, avoir d\u00e9ploy\u00e9 environ 160 agents sur site, dans le quartier de Lichterfelde, pour \u00ab\u00a0enqu\u00eater sur des soup\u00e7ons d&rsquo;incendie criminel\u00a0\u00bb. Elle a averti les r\u00e9sidents concern\u00e9s par la coupure d&rsquo;\u00e9lectricit\u00e9 que les syst\u00e8mes de chauffage pourraient ne pas fonctionner en raison de la panne, alors que la capitale allemande est recouverte de neige et les a exhort\u00e9s \u00e0 utiliser leurs t\u00e9l\u00e9phones portables avec parcimonie et \u00e0 s&rsquo;assurer qu&rsquo;ils disposent de lampes de poche.\u00a0<\/p>\n<p>Les autorit\u00e9s avaient \u00e9galement suspect\u00e9 un acte criminel lorsqu&rsquo;un incendie avait touch\u00e9 des pyl\u00f4nes \u00e9lectriques \u00e0 Berlin en septembre, provoquant une importante coupure. Un groupe se disant antimilitariste avait alors revendiqu\u00e9 en ligne la responsabilit\u00e9 de l&rsquo;incendie.<\/p>\n","protected":false},"excerpt":{"rendered":"Les pompiers ont rapidement \u00e9teint le feu, mais environ 45\u00a0000 foyers et 2\u00a0200 entreprises du sud-ouest de Berlin&hellip;\n","protected":false},"author":2,"featured_media":639015,"comment_status":"","ping_status":"","sticky":false,"template":"","format":"standard","meta":{"footnotes":""},"categories":[5],"tags":[11,1011,27,14,12,28],"class_list":{"0":"post-639014","1":"post","2":"type-post","3":"status-publish","4":"format-standard","5":"has-post-thumbnail","7":"category-international","8":"tag-actualites","9":"tag-fr","10":"tag-france","11":"tag-international","12":"tag-news","13":"tag-world"},"share_on_mastodon":{"url":"https:\/\/pubeurope.com\/@fr\/115833086009961431","error":""},"_links":{"self":[{"href":"https:\/\/www.europesays.com\/fr\/wp-json\/wp\/v2\/posts\/639014","targetHints":{"allow":["GET"]}}],"collection":[{"href":"https:\/\/www.europesays.com\/fr\/wp-json\/wp\/v2\/posts"}],"about":[{"href":"https:\/\/www.europesays.com\/fr\/wp-json\/wp\/v2\/types\/post"}],"author":[{"embeddable":true,"href":"https:\/\/www.europesays.com\/fr\/wp-json\/wp\/v2\/users\/2"}],"replies":[{"embeddable":true,"href":"https:\/\/www.europesays.com\/fr\/wp-json\/wp\/v2\/comments?post=639014"}],"version-history":[{"count":0,"href":"https:\/\/www.europesays.com\/fr\/wp-json\/wp\/v2\/posts\/639014\/revisions"}],"wp:featuredmedia":[{"embeddable":true,"href":"https:\/\/www.europesays.com\/fr\/wp-json\/wp\/v2\/media\/639015"}],"wp:attachment":[{"href":"https:\/\/www.europesays.com\/fr\/wp-json\/wp\/v2\/media?parent=639014"}],"wp:term":[{"taxonomy":"category","embeddable":true,"href":"https:\/\/www.europesays.com\/fr\/wp-json\/wp\/v2\/categories?post=639014"},{"taxonomy":"post_tag","embeddable":true,"href":"https:\/\/www.europesays.com\/fr\/wp-json\/wp\/v2\/tags?post=639014"}],"curies":[{"name":"wp","href":"https:\/\/api.w.org\/{rel}","templated":true}]}}