{"id":639019,"date":"2026-01-03T20:38:11","date_gmt":"2026-01-03T20:38:11","guid":{"rendered":"https:\/\/www.europesays.com\/fr\/639019\/"},"modified":"2026-01-03T20:38:11","modified_gmt":"2026-01-03T20:38:11","slug":"firminy-le-chambon-feugerolles-la-galette-des-rois-une-tradition-bien-ancree-dans-londaine","status":"publish","type":"post","link":"https:\/\/www.europesays.com\/fr\/639019\/","title":{"rendered":"Firminy\/Le Chambon-Feugerolles. La galette des rois, une tradition bien ancr\u00e9e dans l\u2019Ondaine"},"content":{"rendered":"<p>Son origine exacte reste incertaine\u00a0: certains y voient une tradition chr\u00e9tienne pour honorer les Rois mages, d\u2019autres y retrouvent des \u00e9chos des Saturnales romaines, o\u00f9 l\u2019on partageait d\u00e9j\u00e0 des g\u00e2teaux pendant les f\u00eates. Quoi qu\u2019il en soit, la galette des Rois a depuis longtemps trouv\u00e9 sa place au centre de la table, entour\u00e9e de verres de cidre ou de tasses de caf\u00e9, de th\u00e9 ou de chocolat, son parfum sucr\u00e9 et l\u00e9g\u00e8rement beurr\u00e9 \u00e9veillant les papilles et ravivant les saveurs de l\u2019enfance.<\/p>\n<p>Pr\u00e9sente d\u00e8s la fin d\u00e9cembre<\/p>\n<p>Traditionnellement d\u00e9gust\u00e9e \u00e0 l\u2019\u00c9piphanie, douze jours apr\u00e8s No\u00ebl, elle s\u2019invite souvent plus t\u00f4t dans les vitrines des&#8230;<\/p>\n","protected":false},"excerpt":{"rendered":"Son origine exacte reste incertaine\u00a0: certains y voient une tradition chr\u00e9tienne pour honorer les Rois mages, d\u2019autres y&hellip;\n","protected":false},"author":2,"featured_media":639020,"comment_status":"","ping_status":"","sticky":false,"template":"","format":"standard","meta":{"footnotes":""},"categories":[9653],"tags":[1111,11,2430,1687,7539,1777,674,10282,10283,1011,27,12,25,4001],"class_list":{"0":"post-639019","1":"post","2":"type-post","3":"status-publish","4":"format-standard","5":"has-post-thumbnail","7":"category-saint-etienne","8":"tag-actu","9":"tag-actualites","10":"tag-auvergne-rhone-alpes","11":"tag-culture-loisirs","12":"tag-edition-loire-sud","13":"tag-eu","14":"tag-europe","15":"tag-firminy","16":"tag-firminy-ville","17":"tag-fr","18":"tag-france","19":"tag-news","20":"tag-republique-francaise","21":"tag-saint-etienne"},"share_on_mastodon":{"url":"https:\/\/pubeurope.com\/@fr\/115833097684613097","error":""},"_links":{"self":[{"href":"https:\/\/www.europesays.com\/fr\/wp-json\/wp\/v2\/posts\/639019","targetHints":{"allow":["GET"]}}],"collection":[{"href":"https:\/\/www.europesays.com\/fr\/wp-json\/wp\/v2\/posts"}],"about":[{"href":"https:\/\/www.europesays.com\/fr\/wp-json\/wp\/v2\/types\/post"}],"author":[{"embeddable":true,"href":"https:\/\/www.europesays.com\/fr\/wp-json\/wp\/v2\/users\/2"}],"replies":[{"embeddable":true,"href":"https:\/\/www.europesays.com\/fr\/wp-json\/wp\/v2\/comments?post=639019"}],"version-history":[{"count":0,"href":"https:\/\/www.europesays.com\/fr\/wp-json\/wp\/v2\/posts\/639019\/revisions"}],"wp:featuredmedia":[{"embeddable":true,"href":"https:\/\/www.europesays.com\/fr\/wp-json\/wp\/v2\/media\/639020"}],"wp:attachment":[{"href":"https:\/\/www.europesays.com\/fr\/wp-json\/wp\/v2\/media?parent=639019"}],"wp:term":[{"taxonomy":"category","embeddable":true,"href":"https:\/\/www.europesays.com\/fr\/wp-json\/wp\/v2\/categories?post=639019"},{"taxonomy":"post_tag","embeddable":true,"href":"https:\/\/www.europesays.com\/fr\/wp-json\/wp\/v2\/tags?post=639019"}],"curies":[{"name":"wp","href":"https:\/\/api.w.org\/{rel}","templated":true}]}}