{"id":63902,"date":"2025-04-30T08:20:14","date_gmt":"2025-04-30T08:20:14","guid":{"rendered":"https:\/\/www.europesays.com\/fr\/63902\/"},"modified":"2025-04-30T08:20:14","modified_gmt":"2025-04-30T08:20:14","slug":"ile-de-france-pourquoi-les-chiffres-du-chomage-des-jeunes-explosent-dans-tous-les-departements","status":"publish","type":"post","link":"https:\/\/www.europesays.com\/fr\/63902\/","title":{"rendered":"Ile-de-France\u00a0: pourquoi les chiffres du ch\u00f4mage des jeunes explosent dans tous les d\u00e9partements"},"content":{"rendered":"\n<p>Inscription automatique au ch\u00f4mage des allocataires du RSA, des jeunes suivis par une mission locale b\u00e9n\u00e9ficiant d\u2019un contrat d\u2019engagement jeune (CEJ) ou de parcours d\u2019accompagnement sp\u00e9cifique (AEJ et Pacea), et encore des personnes handicap\u00e9es suivies par le r\u00e9seau Cap Emploi (d\u00e9sormais rattach\u00e9 \u00e0 France Travail)\u2026 Voil\u00e0 de quoi faire gonfler les chiffres du ch\u00f4mage trac\u00e9s par France Travail. Au niveau national, cela a repr\u00e9sent\u00e9, en janvier, des centaines de milliers de personnes. A rapporter aux 5,7 millions d\u2019inscrits \u00e0 France Travail en cat\u00e9gorie A,B,C (les trois cat\u00e9gories de personnes tenues de trouver un emploi, voir explications ci-dessous).<\/p>\n<p class=\"has-background\" style=\"background-color:#d0e1ec\">\ud83d\udca1 <strong>Comprendre les cat\u00e9gories A,B,C,D,E<\/strong><br \/>Les personnes inscrites \u00e0 France travail (ex P\u00f4le Emploi) rel\u00e8vent de 5 cat\u00e9gories. Les 3 premi\u00e8res (A,BC) concernent les personnes qui sont tenues de rechercher un emploi. La cat\u00e9gorie A, la plus importante, regroupe les personnes qui n\u2019ont aucun emploi, m\u00eame \u00e0 temps partiel. Les cat\u00e9gories B et C comprennent les personnes qui ont une activit\u00e9 r\u00e9duite (de moins de 78 heures par mois pour les B, de plus de 78 heures pour les C). Les cat\u00e9gories D et E ne sont pas tenues d\u2019effectuer une recherche d\u2019emploi, soit car elles sont en formation, en maladie, ou en emploi aid\u00e9.<\/p>\n<p>\u201cIl y a quand m\u00eame une augmentation, m\u00eame si on neutralise tous les effets\u201d<\/p>\n<p>Pour l\u2019ensemble de ces trois cat\u00e9gories, l\u2019augmentation au niveau national est de 4,5% entre la fin 2024 et le premier trimestre 2024. \u201cIl y a quand m\u00eame une augmentation, m\u00eame si on neutralise tous les effets\u201d, a  n\u00e9anmoins r\u00e9agi pour l\u2019AFP Mathieu Plane, directeur adjoint du d\u00e9partement Analyse et pr\u00e9vision \u00e0 l\u2019Observatoire fran\u00e7ais des conjonctures \u00e9conomiques (OFCE). Selon ses calculs, la hausse des inscrits en cat\u00e9gorie A se d\u00e9compose en \u201cun peu plus de 50%\u201d dus \u00e0 la r\u00e9forme du RSA, \u201cpr\u00e8s de 40% aux nouvelles r\u00e8gles d\u2019actualisation\u201d et \u201cun peu moins de 10% \u00e0 la d\u00e9gradation du march\u00e9 du travail\u201d.<\/p>\n<p>En Ile-de-France, une augmentation plus sensible, variant de 4% \u00e0 7% selon les d\u00e9partements<\/p>\n<p>En Ile-de-France, l\u2019augmentation des inscrits tenus de chercher un emploi augmente de 5,53%, passant \u00e0 un total de 1 million et 62 440 personnes. Voir les hausses par d\u00e9partement ci-dessous :<\/p>\n<tr>\n<td><strong>D\u00e9partement<\/strong><\/td>\n<td><strong>Inscrits au 1er trimestre 2025<\/strong><\/td>\n<td><strong>Progression par rapport au dernier trimestre 2024<\/strong><\/td>\n<\/tr>\n<tr>\n<td>75 \u2013 Paris<\/td>\n<td>202\u202f710<\/td>\n<td>3,99%<\/td>\n<\/tr>\n<tr>\n<td>77 \u2013 Seine-et-Marne<\/td>\n<td>116\u202f230<\/td>\n<td>6,07%<\/td>\n<\/tr>\n<tr>\n<td>78 \u2013 Yvelines<\/td>\n<td>109\u202f240<\/td>\n<td>5,73%<\/td>\n<\/tr>\n<tr>\n<td>91 \u2013 Essonne<\/td>\n<td>98\u202f460<\/td>\n<td>6,91%<\/td>\n<\/tr>\n<tr>\n<td>92 \u2013 Hauts-de-Seine<\/td>\n<td>125\u202f260<\/td>\n<td>4,53%<\/td>\n<\/tr>\n<tr>\n<td>93 \u2013 Seine-Saint-Denis<\/td>\n<td>184\u202f890<\/td>\n<td>6,68%<\/td>\n<\/tr>\n<tr>\n<td>94 \u2013 Val-de-Marne<\/td>\n<td>116\u202f670<\/td>\n<td>5,35%<\/td>\n<\/tr>\n<tr>\n<td>95 \u2013 Val-d\u2019Oise<\/td>\n<td>109\u202f000<\/td>\n<td>5,93%<\/td>\n<\/tr>\n<tr>\n<td>Total<\/td>\n<td>1\u202f062\u202f440<\/td>\n<td>5,53%<\/td>\n<\/tr>\n<p>Source: Direction de l\u2019Animation de la recherche, des \u00c9tudes et des Statistique (Dares) du minist\u00e8re du TravailAugmentation l\u00e9g\u00e8rement plus forte du ch\u00f4mage des hommes<\/p>\n<p>Dans le d\u00e9tail, l\u2019augmentation est l\u00e9g\u00e8rement plus forte chez les hommes.<\/p>\n<tr>\n<td><strong>D\u00e9partement<\/strong><\/td>\n<td><strong>Hommes inscrits au 1er trimestre 2025<\/strong><\/td>\n<td><strong>Progression Hommes par rapport au dernier trimestre 2024<\/strong><\/td>\n<td><strong>Femmes inscrites au 1er trimestre 2025<\/strong><\/td>\n<td><strong>Progression Femmes par rapport au dernier trimestre 2024<\/strong><\/td>\n<\/tr>\n<tr>\n<td>75 \u2013 Paris<\/td>\n<td>104\u202f370<\/td>\n<td>4,17%<\/td>\n<td>98\u202f340<\/td>\n<td>3,80%<\/td>\n<\/tr>\n<tr>\n<td>77 \u2013 Seine-et-Marne<\/td>\n<td>57\u202f030<\/td>\n<td>6,66%<\/td>\n<td>59\u202f190<\/td>\n<td>5,47%<\/td>\n<\/tr>\n<tr>\n<td>78 \u2013 Yvelines<\/td>\n<td>55\u202f160<\/td>\n<td>6,12%<\/td>\n<td>54\u202f080<\/td>\n<td>5,34%<\/td>\n<\/tr>\n<tr>\n<td>91 \u2013 Essonne<\/td>\n<td>49\u202f740<\/td>\n<td>7,29%<\/td>\n<td>48\u202f710<\/td>\n<td>6,49%<\/td>\n<\/tr>\n<tr>\n<td>92 \u2013 Hauts-de-Seine<\/td>\n<td>63\u202f080<\/td>\n<td>5,12%<\/td>\n<td>62\u202f180<\/td>\n<td>3,93%<\/td>\n<\/tr>\n<tr>\n<td>93 \u2013 Seine-Saint-Denis<\/td>\n<td>98\u202f580<\/td>\n<td>6,83%<\/td>\n<td>86\u202f310<\/td>\n<td>6,53%<\/td>\n<\/tr>\n<tr>\n<td>94 \u2013 Val-de-Marne<\/td>\n<td>59\u202f500<\/td>\n<td>5,61%<\/td>\n<td>57\u202f170<\/td>\n<td>5,07%<\/td>\n<\/tr>\n<tr>\n<td>95 \u2013 Val-d\u2019Oise<\/td>\n<td>55\u202f490<\/td>\n<td>6,38%<\/td>\n<td>53\u202f500<\/td>\n<td>5,44%<\/td>\n<\/tr>\n<tr>\n<td>Total<\/td>\n<td>542\u202f960<\/td>\n<td>5,89%<\/td>\n<td>519\u202f490<\/td>\n<td>5,17%<\/td>\n<\/tr>\n<p>Source: Direction de l\u2019Animation de la recherche, des \u00c9tudes et des Statistique (Dares) du minist\u00e8re du TravailExplosion des chiffres du ch\u00f4mage des jeunes<\/p>\n<p>L\u2019\u00e2ge, lui, r\u00e9v\u00e8le un important contraste, t\u00e9moignant d\u2019un bondissement du ch\u00f4mage des jeunes. En Ile-de-France, la hausse est, en effet, de 28,13% pour les moins de 25 ans (soit 32 000 personnes de plus), contre 3,32% pour les 25-49 ans et 1,37% pour les plus de 50 ans.<\/p>\n<p>Une tendance \u00e0 l\u2019augmentation du ch\u00f4mage des jeunes d\u00e9marr\u00e9e d\u00e8s la fin 2024. \u201cLorsque le ch\u00f4mage remonte, celui des jeunes remonte un peu plus vite en g\u00e9n\u00e9ral que la moyenne\u201d, explique \u00e0 l\u2019AFP St\u00e9phane Carcillo, \u00e9conomiste \u00e0 l\u2019OCDE, y voyant \u201cla marque d\u2019un retournement en train de s\u2019op\u00e9rer\u201d.<\/p>\n<p>\u201cLes variations sont plus marqu\u00e9es pour les jeunes. Il y a plusieurs raisons \u00e0 \u00e7a. D\u2019abord parce que ce sont ceux qui sont rentr\u00e9s le plus r\u00e9cemment sur le march\u00e9 du travail, ils ont moins d\u2019exp\u00e9rience et ils sont souvent sur des contrats plus pr\u00e9caires\u201d qui peuvent se terminer plus facilement, indique l\u2019\u00e9conomiste.<\/p>\n<p>Au vu du contexte, \u201cles entreprises se recroquevillent un peu sur elles-m\u00eames\u201d et n\u2019ont \u201cpas envie d\u2019embaucher \u00e0 tire-larigot donc ceux qui arrivent sur le march\u00e9 sont les plus p\u00e9nalis\u00e9s\u201d, ajoute Philippe Waechter, \u00e9conomiste chez Ostrum Asset Management.<\/p>\n<p>Pour Nathalie Chusseau, \u00e9conomiste \u00e0 l\u2019universit\u00e9 de Lille encore, les jeunes sont une population \u201cfragile\u201d sur le march\u00e9 du travail quand \u201cla conjoncture va mal\u201d, avec notamment des jeunes peu qualifi\u00e9s souvent en int\u00e9rim sur lesquels \u201c\u00e7a tombe\u201d.<\/p>\n<p>Ci-dessous les chiffres par \u00e2ge en Ile-de-France.<\/p>\n<tr>\n<td><strong>D\u00e9partement<\/strong><\/td>\n<td><strong>Moins de 25 ans inscrits au 1er trimestre 2025<\/strong><\/td>\n<td><strong>Progression des moins de 25 ans par rapport au dernier trimestre 2024<\/strong><\/td>\n<td><strong>25-49 ans inscrits au 1er trimestre 2025<\/strong><\/td>\n<td><strong>Progression des 25-49 ans par rapport au dernier trimestre 2024<\/strong><\/td>\n<td><strong>Plus de 50 ans inscrits au 1er trimestre 2025<\/strong><\/td>\n<td><strong>Progression des plus de 50 ans par rapport au dernier trimestre 2024<\/strong><\/td>\n<\/tr>\n<tr>\n<td>75 \u2013 Paris<\/td>\n<td>18\u202f150<\/td>\n<td>19,57%<\/td>\n<td>128\u202f200<\/td>\n<td>3,35%<\/td>\n<td>56\u202f350<\/td>\n<td>1,15%<\/td>\n<\/tr>\n<tr>\n<td>77 \u2013 Seine-et-Marne<\/td>\n<td>18\u202f630<\/td>\n<td>26,31%<\/td>\n<td>69\u202f940<\/td>\n<td>3,46%<\/td>\n<td>27\u202f650<\/td>\n<td>1,54%<\/td>\n<\/tr>\n<tr>\n<td>78 \u2013 Yvelines<\/td>\n<td>14\u202f740<\/td>\n<td>31,72%<\/td>\n<td>66\u202f080<\/td>\n<td>3,30%<\/td>\n<td>28\u202f430<\/td>\n<td>0,96%<\/td>\n<\/tr>\n<tr>\n<td>91 \u2013 Essonne<\/td>\n<td>16\u202f540<\/td>\n<td>33,82%<\/td>\n<td>58\u202f890<\/td>\n<td>3,28%<\/td>\n<td>23\u202f030<\/td>\n<td>1,36%<\/td>\n<\/tr>\n<tr>\n<td>92 \u2013 Hauts-de-Seine<\/td>\n<td>13\u202f770<\/td>\n<td>22,40%<\/td>\n<td>76\u202f790<\/td>\n<td>3,27%<\/td>\n<td>34\u202f700<\/td>\n<td>1,37%<\/td>\n<\/tr>\n<tr>\n<td>93 \u2013 Seine-Saint-Denis<\/td>\n<td>27\u202f360<\/td>\n<td>34,84%<\/td>\n<td>111\u202f830<\/td>\n<td>3,43%<\/td>\n<td>45\u202f700<\/td>\n<td>1,80%<\/td>\n<\/tr>\n<tr>\n<td>94 \u2013 Val-de-Marne<\/td>\n<td>15\u202f700<\/td>\n<td>25,50%<\/td>\n<td>71\u202f610<\/td>\n<td>3,33%<\/td>\n<td>29\u202f370<\/td>\n<td>1,49%<\/td>\n<\/tr>\n<tr>\n<td>95 \u2013 Val-d\u2019Oise<\/td>\n<td>17\u202f150<\/td>\n<td>28,75%<\/td>\n<td>65\u202f710<\/td>\n<td>3,06%<\/td>\n<td>26\u202f130<\/td>\n<td>1,20%<\/td>\n<\/tr>\n<tr>\n<td>Total<\/td>\n<td>142\u202f030<\/td>\n<td>28,13%<\/td>\n<td>649\u202f050<\/td>\n<td>3,32%<\/td>\n<td>271\u202f360<\/td>\n<td>1,37%<\/td>\n<\/tr>\n<p>Source: Direction de l\u2019Animation de la recherche, des \u00c9tudes et des Statistique (Dares) du minist\u00e8re du TravailAugmentation du nombre de ch\u00f4meurs de longue dur\u00e9e<\/p>\n<p>Une autre tendance est la l\u00e9g\u00e8re augmentation des inscrits depuis plus d\u2019un an, globalement de 1,8% sur un trimestre.<\/p>\n<tr>\n<td><strong>D\u00e9partement<\/strong><\/td>\n<td><strong>Inscrits depuiis plus d\u2019un an<\/strong><\/td>\n<td><strong>Progression des inscrits deuis plus d\u2019un an par rapport au dernier trimestre 2024<\/strong><\/td>\n<\/tr>\n<tr>\n<td>75 \u2013 Paris<\/td>\n<td>92880<\/td>\n<td>1,80%<\/td>\n<\/tr>\n<tr>\n<td>77 \u2013 Seine-et-Marne<\/td>\n<td>46270<\/td>\n<td>2,48%<\/td>\n<\/tr>\n<tr>\n<td>78 \u2013 Yvelines<\/td>\n<td>44710<\/td>\n<td>1,38%<\/td>\n<\/tr>\n<tr>\n<td>91 \u2013 Essonne<\/td>\n<td>34910<\/td>\n<td>1,78%<\/td>\n<\/tr>\n<tr>\n<td>92 \u2013 Hauts-de-Seine<\/td>\n<td>51880<\/td>\n<td>2,33%<\/td>\n<\/tr>\n<tr>\n<td>93 \u2013 Seine-Saint-Denis<\/td>\n<td>75290<\/td>\n<td>1,74%<\/td>\n<\/tr>\n<tr>\n<td>94 \u2013 Val-de-Marne<\/td>\n<td>47370<\/td>\n<td>1,33%<\/td>\n<\/tr>\n<tr>\n<td>95 \u2013 Val-d\u2019Oise<\/td>\n<td>41390<\/td>\n<td>1,37%<\/td>\n<\/tr>\n<tr>\n<td>Total<\/td>\n<td>434700<\/td>\n<td>1,79%<\/td>\n<\/tr>\n<p>Source: Direction de l\u2019Animation de la recherche, des \u00c9tudes et des Statistique (Dares) du minist\u00e8re du Travail<\/p>\n<p>Sans surprise, le nombre de sorties des demandeurs en cat\u00e9gories ABC est inf\u00e9rieur au nombre de sorties.<\/p>\n<tr>\n<td><strong>D\u00e9partement<\/strong><\/td>\n<td><strong>Nouveaux inscrits en cat\u00e9gories ABC<\/strong><\/td>\n<td><strong>Progression des nouveaux inscrits en cat\u00e9gories ABC<\/strong><\/td>\n<td><strong>Sorties ABC<\/strong><\/td>\n<td><strong>Progression des sorties ABC<\/strong><\/td>\n<\/tr>\n<tr>\n<td>75 \u2013 Paris<\/td>\n<td>18\u202f810<\/td>\n<td>2,96%<\/td>\n<td>16\u202f360<\/td>\n<td>-2,50%<\/td>\n<\/tr>\n<tr>\n<td>77 \u2013 Seine-et-Marne<\/td>\n<td>12\u202f530<\/td>\n<td>12,18%<\/td>\n<td>10\u202f850<\/td>\n<td>4,83%<\/td>\n<\/tr>\n<tr>\n<td>78 \u2013 Yvelines<\/td>\n<td>11\u202f510<\/td>\n<td>13,18%<\/td>\n<td>10\u202f350<\/td>\n<td>7,92%<\/td>\n<\/tr>\n<tr>\n<td>91 \u2013 Essonne<\/td>\n<td>12\u202f240<\/td>\n<td>14,93%<\/td>\n<td>10\u202f860<\/td>\n<td>9,59%<\/td>\n<\/tr>\n<tr>\n<td>92 \u2013 Hauts-de-Seine<\/td>\n<td>12\u202f460<\/td>\n<td>4,09%<\/td>\n<td>11\u202f130<\/td>\n<td>1,18%<\/td>\n<\/tr>\n<tr>\n<td>93 \u2013 Seine-Saint-Denis<\/td>\n<td>19\u202f970<\/td>\n<td>9,07%<\/td>\n<td>17\u202f760<\/td>\n<td>5,21%<\/td>\n<\/tr>\n<tr>\n<td>94 \u2013 Val-de-Marne<\/td>\n<td>12\u202f380<\/td>\n<td>6,27%<\/td>\n<td>11\u202f110<\/td>\n<td>3,73%<\/td>\n<\/tr>\n<tr>\n<td>95 \u2013 Val-d\u2019Oise<\/td>\n<td>12\u202f320<\/td>\n<td>9,51%<\/td>\n<td>11\u202f050<\/td>\n<td>6,35%<\/td>\n<\/tr>\n<tr>\n<td>Total<\/td>\n<td>112\u202f210<\/td>\n<td>8,47%<\/td>\n<td>99\u202f470<\/td>\n<td>4,04%<\/td>\n<\/tr>\n<p>Source: Direction de l\u2019Animation de la recherche, des \u00c9tudes et des Statistique (Dares) du minist\u00e8re du Travail<\/p>\n<p>Propos recueillis par AFP, chiffres issus de la Dares (Direction de l\u2019Animation de la recherche, des \u00c9tudes et des Statistique du minist\u00e8re du Travail)<\/p>\n","protected":false},"excerpt":{"rendered":"Inscription automatique au ch\u00f4mage des allocataires du RSA, des jeunes suivis par une mission locale b\u00e9n\u00e9ficiant d\u2019un contrat&hellip;\n","protected":false},"author":2,"featured_media":63903,"comment_status":"","ping_status":"","sticky":false,"template":"","format":"standard","meta":{"footnotes":""},"categories":[1592],"tags":[3627,3628,3632,3630,16271,3629,1111,11,4298,214,341,313,1936,1777,674,1119,1011,27,530,1943,3314,662,4074,16272,11212,12,626,16273,14328,25,1937,1945,3847,2292,1938],"class_list":{"0":"post-63902","1":"post","2":"type-post","3":"status-publish","4":"format-standard","5":"has-post-thumbnail","7":"category-ile-de-france","8":"tag-3627","9":"tag-3628","10":"tag-3632","11":"tag-3630","12":"tag-16271","13":"tag-3629","14":"tag-actu","15":"tag-actualites","16":"tag-chiffres","17":"tag-chomage","18":"tag-emploi","19":"tag-entreprises","20":"tag-essonne","21":"tag-eu","22":"tag-europe","23":"tag-formation","24":"tag-fr","25":"tag-france","26":"tag-france-travail","27":"tag-handicap","28":"tag-hauts-de-seine","29":"tag-ile-de-france","30":"tag-jeunes","31":"tag-ministere-du-travail","32":"tag-mission-locale","33":"tag-news","34":"tag-paris","35":"tag-pole-emploi","36":"tag-recherche-demploi","37":"tag-republique-francaise","38":"tag-seine-et-marne","39":"tag-seine-saint-denis","40":"tag-travail","41":"tag-val-doise","42":"tag-yvelines"},"share_on_mastodon":{"url":"https:\/\/pubeurope.com\/@fr\/114425942717125112","error":""},"_links":{"self":[{"href":"https:\/\/www.europesays.com\/fr\/wp-json\/wp\/v2\/posts\/63902","targetHints":{"allow":["GET"]}}],"collection":[{"href":"https:\/\/www.europesays.com\/fr\/wp-json\/wp\/v2\/posts"}],"about":[{"href":"https:\/\/www.europesays.com\/fr\/wp-json\/wp\/v2\/types\/post"}],"author":[{"embeddable":true,"href":"https:\/\/www.europesays.com\/fr\/wp-json\/wp\/v2\/users\/2"}],"replies":[{"embeddable":true,"href":"https:\/\/www.europesays.com\/fr\/wp-json\/wp\/v2\/comments?post=63902"}],"version-history":[{"count":0,"href":"https:\/\/www.europesays.com\/fr\/wp-json\/wp\/v2\/posts\/63902\/revisions"}],"wp:featuredmedia":[{"embeddable":true,"href":"https:\/\/www.europesays.com\/fr\/wp-json\/wp\/v2\/media\/63903"}],"wp:attachment":[{"href":"https:\/\/www.europesays.com\/fr\/wp-json\/wp\/v2\/media?parent=63902"}],"wp:term":[{"taxonomy":"category","embeddable":true,"href":"https:\/\/www.europesays.com\/fr\/wp-json\/wp\/v2\/categories?post=63902"},{"taxonomy":"post_tag","embeddable":true,"href":"https:\/\/www.europesays.com\/fr\/wp-json\/wp\/v2\/tags?post=63902"}],"curies":[{"name":"wp","href":"https:\/\/api.w.org\/{rel}","templated":true}]}}