{"id":639027,"date":"2026-01-03T20:43:09","date_gmt":"2026-01-03T20:43:09","guid":{"rendered":"https:\/\/www.europesays.com\/fr\/639027\/"},"modified":"2026-01-03T20:43:09","modified_gmt":"2026-01-03T20:43:09","slug":"toevalu-sreckovic-moreau-gracieux-le-rct-assume-sa-jeune-garde-pour-se-rendre-a-la-rochelle","status":"publish","type":"post","link":"https:\/\/www.europesays.com\/fr\/639027\/","title":{"rendered":"Toevalu, Sreckovic, Moreau, Gracieux&#8230; Le RCT assume sa jeune garde pour se rendre \u00e0 La Rochelle"},"content":{"rendered":"<p>                    Par<br \/>\n        <strong><br \/>\n            <a href=\"https:\/\/actu.fr\/auteur\/lucas-bertolotto\" title=\"Consulter tous les articles de Lucas Bertolotto\" target=\"_blank\" rel=\"noopener\">Lucas Bertolotto<\/a><br \/>\n                    <\/strong><\/p>\n<p>        Publi\u00e9 le<\/p>\n<p>            3 janv. 2026 \u00e0 19h41        <\/p>\n<p>Et trois de plus ! Apr\u00e8s <strong>L\u00e9o Ametlla<\/strong>, J\u00e9r\u00e9my Toevalu ou encore Mat\u00e9o Gracieux, le <strong>Rugby Club Toulonnais<\/strong> va lancer trois nouveaux jeunes joueurs chez les professionnels ce dimanche pour son d\u00e9placement \u00e0 <strong>La Rochelle<\/strong> (21h05). Jovan Sreckovic, Noam Moreau et Lohann Gil profitent d\u2019une politique de la jeunesse motiv\u00e9e par un nombre d\u2019absents cons\u00e9quent mais \u00e9galement une volont\u00e9 de redonner de l\u2019envie \u00e0 une \u00e9quipe en difficult\u00e9s \u00e0 l\u2019ext\u00e9rieur cette saison.\u00a0<\/p>\n<p>Toulon avec 10 joueurs du centre de formation<\/p>\n<p class=\" wall-content\">\u00ab Pour \u00eatre honn\u00eate, je ne suis pas s\u00fbr du r\u00e9sultat pour demain soir. \u00bb Les mots de <strong>Pierre Mignoni<\/strong> \u00e9taient forts en conf\u00e9rence de presse samedi \u00e0 la veille d\u2019affronter le <strong>Stade Rochelais<\/strong> lors de la 14\u00e8 journ\u00e9e de Top 14. Si le manager du <strong>RCT<\/strong> ne s\u2019est pas avanc\u00e9 sur le score final, il a pourtant exprim\u00e9 une certitude face aux journalistes : \u00ab Ce dont je suis s\u00fbr, c\u2019est qu\u2019on a manqu\u00e9 d\u2019engagement \u00e0 Bordeaux et que les jeunes vont tout donner \u00e0 l\u2019image de leur entr\u00e9e en seconde p\u00e9riode. \u00bb<\/p>\n<p class=\" wall-content\">\n<p class=\" wall-content\">Pour ce premier match de l\u2019ann\u00e9e 2026, le manager varois a fait le choix fort de s\u2019appuyer sur dix joueurs sous contrat espoir. Un choix dict\u00e9 avant tout par la quinzaine de joueurs bless\u00e9s dont les cadres <strong>Baptiste Serin<\/strong>, Gabin Villi\u00e8re ou encore <strong>Melvyn Jaminet<\/strong>. Mais surtout un choix motiv\u00e9 par l\u2019envie du coach toulonnais de voir un autre visage de son \u00e9quipe apr\u00e8s les gifles re\u00e7ues \u00e0 l\u2019ext\u00e9rieur ces derni\u00e8res semaines.\u00a0<\/p>\n<p class=\" wall-content\">\u00ab Si vous me dites qu\u2019on va gagner \u00e0 100% demain ? Je ne ferais pas le malin \u00e0 lever le doigt pour l\u2019affirmer, a-t-il confi\u00e9. Mais je peux vous dire qu\u2019on sera engag\u00e9s \u00e0 100% et \u00e7a, j\u2019en suis s\u00fbr ! Quand tu joues tes premiers matchs tu as forc\u00e9ment beaucoup d\u2019app\u00e9tit, les jeunes vont nous amener \u00e7a. \u00bb Encadr\u00e9e par des joueurs en manque de temps de jeu comme <strong>Clovis Le Bail<\/strong>, Nikoloz Narmania et <strong>Rayan Rebbadj<\/strong>, cette jeunesse toulonnaise va donc avoir sa chance sur l\u2019un des terrains les plus hostiles de France.\u00a0<\/p>\n<p>Pierre Mignoni : \u00ab Il faut aussi pr\u00e9parer les matchs qui arrivent \u00bb<\/p>\n<p class=\" wall-content\">Outre les nombreux \u00e9l\u00e9ments bless\u00e9s, le staff de la Rade a \u00e9galement plac\u00e9 en vacances Setariki Tuicuvu, <strong>Ga\u00ebl Dr\u00e9an<\/strong> et Dany Priso. Les leaders <strong>Charles Ollivon<\/strong>, Zach Mercer et <strong>David Ribbans<\/strong>, quant \u00e0 eux, sont laiss\u00e9s au repos pour d\u00e9buter cette phase aller : \u00ab \u00a0Je le reconnais, sur un match comme \u00e7a c\u2019est un choix de laisser certains joueurs au repos, a avou\u00e9 Pierre Mignoni. Mais il faut aussi pr\u00e9parer les matchs qui arrivent ensuite et ces joueurs ont tout int\u00e9r\u00eat dans un futur proche \u00e0 avoir un engagement \u00e0 100%. \u00bb<\/p>\n<p>La composition de La Rochelle pour affronter Toulon<\/p>\n<p>XV de d\u00e9part : Leyds &#8211; Nowell, Seuteni, Favre, Niniashvili &#8211; (o) Jurd, (m) Le Garrec &#8211; Botia, Alldritt (cap.), Jegou &#8211; Douglas, Kante Samba &#8211; Atonio, Latu, Kaddouri.<br \/>Rempla\u00e7ants : Sutidze, Wardi, Skelton, Fraindt, Andjisseramatchi, Berjon, West, Kuntelia.<\/p>\n<p class=\" wall-content\">L\u2019ancien demi de m\u00eal\u00e9e du <strong>RCT<\/strong> n\u2019a pas cach\u00e9 sa d\u00e9ception et <a href=\"https:\/\/actu.fr\/provence-alpes-cote-d-azur\/toulon_83137\/top-14-la-colere-froide-et-les-excuses-de-pierre-mignoni-apres-le-naufrage-de-toulon_63610355.html\" target=\"_blank\" rel=\"noopener\">sa col\u00e8re<\/a> apr\u00e8s l\u2019image affich\u00e9e par certains de ses joueurs \u00e0 <strong>Bordeaux<\/strong> il y a deux semaines (d\u00e9faite 7-46). Il a aussi rappel\u00e9 le calendrier infernal qui attend son club dans les semaines \u00e0 venir et l\u2019obligation de faire des choix sur certains matchs.\u00a0<\/p>\n<p>Votre r\u00e9gion, votre actu !<\/p>\n<p>Recevez chaque jour les infos qui comptent pour vous.<\/p>\n<p>\t<a href=\"https:\/\/actu.fr\/newsletter\" class=\"ac-btn ac-btn--corner ac-btn--medium ac-btn--blue800\" target=\"_blank\" rel=\"noopener\">S&rsquo;incrire<\/a><\/p>\n<p class=\" wall-content\">En effet, apr\u00e8s <a href=\"https:\/\/actu.fr\/nouvelle-aquitaine\/la-rochelle_17300\/je-me-suis-pose-des-questions-comment-une-blessure-serieuse-a-servi-de-declic-a-louis-penverne_63598307.html\" target=\"_blank\" rel=\"noopener\">La Rochelle<\/a>, <strong>Toulon<\/strong> recevra le <strong>Munster<\/strong> et se rendra \u00e0 Gloucester pour terminer sa phase de poules de Champions Cup. Deux rencontres capitales pour la qualification en huiti\u00e8mes de finale de la comp\u00e9tition, tout comme la r\u00e9ception de Montpellier une semaine plus tard et enfin le d\u00e9placement \u00e0 <strong>Pau<\/strong> le 1er f\u00e9vrier.<\/p>\n<p class=\" wall-content\">\n<p class=\" wall-content\">En attendant, les minots varois vont tout donner face \u00e0 leurs homologues rochelais ce dimanche pour tenter de d\u00e9crocher un premier succ\u00e8s \u00e0 l\u2019ext\u00e9rieur depuis le samedi 6 septembre et la victoire \u00e0 <strong>Montpellier<\/strong> lors du premier match de la saison.<\/p>\n<p class=\" wall-content\">Personnalisez votre actualit\u00e9 en ajoutant vos villes et m\u00e9dias en favori avec <a href=\"https:\/\/moncompte.actu.fr\" title=\"D\u00e9couvez Mon Actu\" rel=\"nofollow noopener\" data-trk=\"{&quot;cta&quot;:{&quot;action&quot;:&quot;https:\\\/\\\/moncompte.actu.fr&quot;,&quot;category&quot;:&quot;mon compte&quot;,&quot;from&quot;:&quot;article footer&quot;,&quot;name&quot;:&quot;Mon actu&quot;,&quot;type&quot;:&quot;cta&quot;}}\" target=\"_blank\">Mon Actu<\/a>.<\/p>\n","protected":false},"excerpt":{"rendered":"Par Lucas Bertolotto Publi\u00e9 le 3 janv. 2026 \u00e0 19h41 Et trois de plus ! Apr\u00e8s L\u00e9o Ametlla,&hellip;\n","protected":false},"author":2,"featured_media":639028,"comment_status":"","ping_status":"","sticky":false,"template":"","format":"standard","meta":{"footnotes":""},"categories":[9619],"tags":[1111,11,1777,674,1011,27,12,3788,882,6717,25,479,60,6365,478,2310],"class_list":{"0":"post-639027","1":"post","2":"type-post","3":"status-publish","4":"format-standard","5":"has-post-thumbnail","7":"category-toulon","8":"tag-actu","9":"tag-actualites","10":"tag-eu","11":"tag-europe","12":"tag-fr","13":"tag-france","14":"tag-news","15":"tag-pro","16":"tag-provence-alpes-cote-dazur","17":"tag-rct-rugby-club-toulonnais","18":"tag-republique-francaise","19":"tag-rugby","20":"tag-sports","21":"tag-stade-rochelais","22":"tag-top-14","23":"tag-toulon"},"share_on_mastodon":{"url":"https:\/\/pubeurope.com\/@fr\/115833117342383763","error":""},"_links":{"self":[{"href":"https:\/\/www.europesays.com\/fr\/wp-json\/wp\/v2\/posts\/639027","targetHints":{"allow":["GET"]}}],"collection":[{"href":"https:\/\/www.europesays.com\/fr\/wp-json\/wp\/v2\/posts"}],"about":[{"href":"https:\/\/www.europesays.com\/fr\/wp-json\/wp\/v2\/types\/post"}],"author":[{"embeddable":true,"href":"https:\/\/www.europesays.com\/fr\/wp-json\/wp\/v2\/users\/2"}],"replies":[{"embeddable":true,"href":"https:\/\/www.europesays.com\/fr\/wp-json\/wp\/v2\/comments?post=639027"}],"version-history":[{"count":0,"href":"https:\/\/www.europesays.com\/fr\/wp-json\/wp\/v2\/posts\/639027\/revisions"}],"wp:featuredmedia":[{"embeddable":true,"href":"https:\/\/www.europesays.com\/fr\/wp-json\/wp\/v2\/media\/639028"}],"wp:attachment":[{"href":"https:\/\/www.europesays.com\/fr\/wp-json\/wp\/v2\/media?parent=639027"}],"wp:term":[{"taxonomy":"category","embeddable":true,"href":"https:\/\/www.europesays.com\/fr\/wp-json\/wp\/v2\/categories?post=639027"},{"taxonomy":"post_tag","embeddable":true,"href":"https:\/\/www.europesays.com\/fr\/wp-json\/wp\/v2\/tags?post=639027"}],"curies":[{"name":"wp","href":"https:\/\/api.w.org\/{rel}","templated":true}]}}