{"id":639035,"date":"2026-01-03T20:51:12","date_gmt":"2026-01-03T20:51:12","guid":{"rendered":"https:\/\/www.europesays.com\/fr\/639035\/"},"modified":"2026-01-03T20:51:12","modified_gmt":"2026-01-03T20:51:12","slug":"direct-sc-bastia-grenoble-a-15-minutes-de-la-fin-les-bastiais-tout-proches-de-creuser-lecart","status":"publish","type":"post","link":"https:\/\/www.europesays.com\/fr\/639035\/","title":{"rendered":"Direct. SC Bastia &#8211; Grenoble : \u00e0 15 minutes de la fin, les Bastiais tout proches de creuser l&rsquo;\u00e9cart"},"content":{"rendered":"<p>Le Sporting rentre au vestiaire l&rsquo;esprit tranquille<\/p>\n<p>Apr\u00e8s 45 minutes, le SC Bastia montre de bonnes choses. Mais comme souvent, les d\u00e9chets techniques et les occasions manqu\u00e9es, \u00e0 l&rsquo;image de S\u00e9bas, font douter les Bastiais. Cependant, l&rsquo;attaquant turchinu tant critiqu\u00e9, r\u00e9ussi \u00e0 ouvrir le score juste avant la mi-temps et se rattrape de son face-\u00e0-face manqu\u00e9 dix minutes avant. Un gain de confiance qui aidera, \u00e0 coup s\u00fbr, les hommes de R\u00e9ginald Ray pendant la seconde p\u00e9riode.<\/p>\n","protected":false},"excerpt":{"rendered":"Le Sporting rentre au vestiaire l&rsquo;esprit tranquille Apr\u00e8s 45 minutes, le SC Bastia montre de bonnes choses. Mais&hellip;\n","protected":false},"author":2,"featured_media":639036,"comment_status":"","ping_status":"","sticky":false,"template":"","format":"standard","meta":{"footnotes":""},"categories":[9566],"tags":[1111,11,2430,1777,674,1011,27,2731,12,25],"class_list":{"0":"post-639035","1":"post","2":"type-post","3":"status-publish","4":"format-standard","5":"has-post-thumbnail","7":"category-grenoble","8":"tag-actu","9":"tag-actualites","10":"tag-auvergne-rhone-alpes","11":"tag-eu","12":"tag-europe","13":"tag-fr","14":"tag-france","15":"tag-grenoble","16":"tag-news","17":"tag-republique-francaise"},"share_on_mastodon":{"url":"https:\/\/pubeurope.com\/@fr\/115833148716340985","error":""},"_links":{"self":[{"href":"https:\/\/www.europesays.com\/fr\/wp-json\/wp\/v2\/posts\/639035","targetHints":{"allow":["GET"]}}],"collection":[{"href":"https:\/\/www.europesays.com\/fr\/wp-json\/wp\/v2\/posts"}],"about":[{"href":"https:\/\/www.europesays.com\/fr\/wp-json\/wp\/v2\/types\/post"}],"author":[{"embeddable":true,"href":"https:\/\/www.europesays.com\/fr\/wp-json\/wp\/v2\/users\/2"}],"replies":[{"embeddable":true,"href":"https:\/\/www.europesays.com\/fr\/wp-json\/wp\/v2\/comments?post=639035"}],"version-history":[{"count":0,"href":"https:\/\/www.europesays.com\/fr\/wp-json\/wp\/v2\/posts\/639035\/revisions"}],"wp:featuredmedia":[{"embeddable":true,"href":"https:\/\/www.europesays.com\/fr\/wp-json\/wp\/v2\/media\/639036"}],"wp:attachment":[{"href":"https:\/\/www.europesays.com\/fr\/wp-json\/wp\/v2\/media?parent=639035"}],"wp:term":[{"taxonomy":"category","embeddable":true,"href":"https:\/\/www.europesays.com\/fr\/wp-json\/wp\/v2\/categories?post=639035"},{"taxonomy":"post_tag","embeddable":true,"href":"https:\/\/www.europesays.com\/fr\/wp-json\/wp\/v2\/tags?post=639035"}],"curies":[{"name":"wp","href":"https:\/\/api.w.org\/{rel}","templated":true}]}}