{"id":639037,"date":"2026-01-03T20:55:13","date_gmt":"2026-01-03T20:55:13","guid":{"rendered":"https:\/\/www.europesays.com\/fr\/639037\/"},"modified":"2026-01-03T20:55:13","modified_gmt":"2026-01-03T20:55:13","slug":"suivez-le-match-de-la-17e-journee-de-ligue-1","status":"publish","type":"post","link":"https:\/\/www.europesays.com\/fr\/639037\/","title":{"rendered":"suivez le match de la 17e journ\u00e9e de Ligue 1"},"content":{"rendered":"<p>Une belle affiche entre pr\u00e9tendants europ\u00e9ens<\/p>\n<p>Apr\u00e8s une fin d\u2019ann\u00e9e 2025 r\u00e9ussie, Lille et Rennes entament leur calendrier 2026 par un duel pour les places europ\u00e9ennes, au sein du top 6 de la Ligue 1. Lille a termin\u00e9 l&rsquo;ann\u00e9e en beaut\u00e9 en encha\u00eenant une quatri\u00e8me victoire cons\u00e9cutive en championnat, ce qui lui permet de rester dans le top 4 et \u00e0 seulement cinq points de son grand rival et leader du championnat Lens.<\/p>\n<p>\u00c0 cinq points derri\u00e8re leurs h\u00f4tes, Rennes se d\u00e9place vers le nord-est en sachant qu\u2019un autre r\u00e9sultat qu\u2019une victoire pourrait s\u00e9rieusement compromettre ses ambitions europ\u00e9ennes. Les Rennais ont pu passer No\u00ebl dans le top 6 gr\u00e2ce \u00e0 une s\u00e9rie impressionnante de cinq victoires lors des six derniers matchs de championnat avant la tr\u00eave hivernale.<\/p>\n<p>Bonjour \u00e0 tous<\/p>\n<p>Bienvenue sur le site et l&rsquo;appli RMC Sport pour suivre le match de la 17e journ\u00e9e de Ligue 1 entre Lille et Rennes. Le coup d&rsquo;envoi sera donn\u00e9 \u00e0 21h05 \u00e0 Pierre-Mauroy.<\/p>\n","protected":false},"excerpt":{"rendered":"Une belle affiche entre pr\u00e9tendants europ\u00e9ens Apr\u00e8s une fin d\u2019ann\u00e9e 2025 r\u00e9ussie, Lille et Rennes entament leur calendrier&hellip;\n","protected":false},"author":2,"featured_media":639038,"comment_status":"","ping_status":"","sticky":false,"template":"","format":"standard","meta":{"footnotes":""},"categories":[2821],"tags":[1111,11,829,1777,674,1011,27,12,584,25],"class_list":{"0":"post-639037","1":"post","2":"type-post","3":"status-publish","4":"format-standard","5":"has-post-thumbnail","7":"category-rennes","8":"tag-actu","9":"tag-actualites","10":"tag-bretagne","11":"tag-eu","12":"tag-europe","13":"tag-fr","14":"tag-france","15":"tag-news","16":"tag-rennes","17":"tag-republique-francaise"},"share_on_mastodon":{"url":"https:\/\/pubeurope.com\/@fr\/115833164443958611","error":""},"_links":{"self":[{"href":"https:\/\/www.europesays.com\/fr\/wp-json\/wp\/v2\/posts\/639037","targetHints":{"allow":["GET"]}}],"collection":[{"href":"https:\/\/www.europesays.com\/fr\/wp-json\/wp\/v2\/posts"}],"about":[{"href":"https:\/\/www.europesays.com\/fr\/wp-json\/wp\/v2\/types\/post"}],"author":[{"embeddable":true,"href":"https:\/\/www.europesays.com\/fr\/wp-json\/wp\/v2\/users\/2"}],"replies":[{"embeddable":true,"href":"https:\/\/www.europesays.com\/fr\/wp-json\/wp\/v2\/comments?post=639037"}],"version-history":[{"count":0,"href":"https:\/\/www.europesays.com\/fr\/wp-json\/wp\/v2\/posts\/639037\/revisions"}],"wp:featuredmedia":[{"embeddable":true,"href":"https:\/\/www.europesays.com\/fr\/wp-json\/wp\/v2\/media\/639038"}],"wp:attachment":[{"href":"https:\/\/www.europesays.com\/fr\/wp-json\/wp\/v2\/media?parent=639037"}],"wp:term":[{"taxonomy":"category","embeddable":true,"href":"https:\/\/www.europesays.com\/fr\/wp-json\/wp\/v2\/categories?post=639037"},{"taxonomy":"post_tag","embeddable":true,"href":"https:\/\/www.europesays.com\/fr\/wp-json\/wp\/v2\/tags?post=639037"}],"curies":[{"name":"wp","href":"https:\/\/api.w.org\/{rel}","templated":true}]}}